{"id":33791,"date":"2018-05-28T09:25:39","date_gmt":"2018-05-28T12:25:39","guid":{"rendered":"https:\/\/eldiariodesanpedro.com.ar\/sitio\/?p=33791"},"modified":"2018-05-28T09:25:39","modified_gmt":"2018-05-28T12:25:39","slug":"se-secuestraron-37-motocicletas-y-3-automoviles-durante-el-fin-de-semana","status":"publish","type":"post","link":"https:\/\/eldiariodesanpedro.com.ar\/sitio\/se-secuestraron-37-motocicletas-y-3-automoviles-durante-el-fin-de-semana\/","title":{"rendered":"Se secuestraron 37 motocicletas y 3 autom\u00f3viles durante el fin de semana"},"content":{"rendered":"<p><!-- VideographyWP Plugin Message: Automatic video embedding prevented by plugin options. --><br \/>\nSe secuestraron 37 motos y un auto este fin de semana en operativos de tr\u00e1nsito por falta de documentaci\u00f3n, escape deficiente y alcoholemia positiva. <\/p>\n<p>Durante todo el fin de semana largo, en especial durante la noche y madrugada el personal policial perteneciente a la comisaria local en conjunto con personal de inspecci\u00f3n perteneciente a la Direcci\u00f3n de Transito y Nocturnidad se realizaron operativos de tr\u00e1nsito en distintos puntos de nuestra ciudad.<\/p>\n<p>El d\u00eda 25, se secuestraron  14 motos por falta de documentaci\u00f3n y escape deficiente y un auto por alcoholemia positiva.<\/p>\n<p>El d\u00eda  26 se secuestraron 9 motos por falta de documentaci\u00f3n<\/p>\n<p>El d\u00eda 27 se secuestraron  14 motos por falta de documentaci\u00f3n y escape deficiente, una moto por alcoholemia positiva y dos autom\u00f3viles por alcoholemia  positiva.<\/p>\n","protected":false},"excerpt":{"rendered":"<p>Se secuestraron 37 motos y un auto este fin de semana en operativos de tr\u00e1nsito por falta de documentaci\u00f3n, escape deficiente y alcoholemia positiva. Durante todo el fin de semana largo, en especial durante la noche y madrugada el personal policial perteneciente a la comisaria local en conjunto con personal de inspecci\u00f3n perteneciente a la [&hellip;]<\/p>\n","protected":false},"author":4,"featured_media":14359,"comment_status":"open","ping_status":"closed","sticky":false,"template":"","format":"standard","meta":{"om_disable_all_campaigns":false,"_jetpack_memberships_contains_paid_content":false,"footnotes":""},"categories":[2,103],"tags":[],"class_list":["post-33791","post","type-post","status-publish","format-standard","has-post-thumbnail","hentry","category-locales","category-policiales-locales"],"aioseo_notices":[],"gutentor_comment":0,"jetpack_featured_media_url":"https:\/\/eldiariodesanpedro.com.ar\/sitio\/wp-content\/uploads\/2017\/02\/motos-secuestradas.jpg","jetpack_shortlink":"https:\/\/wp.me\/p6RhLt-8N1","jetpack_sharing_enabled":true,"_links":{"self":[{"href":"https:\/\/eldiariodesanpedro.com.ar\/sitio\/wp-json\/wp\/v2\/posts\/33791","targetHints":{"allow":["GET"]}}],"collection":[{"href":"https:\/\/eldiariodesanpedro.com.ar\/sitio\/wp-json\/wp\/v2\/posts"}],"about":[{"href":"https:\/\/eldiariodesanpedro.com.ar\/sitio\/wp-json\/wp\/v2\/types\/post"}],"author":[{"embeddable":true,"href":"https:\/\/eldiariodesanpedro.com.ar\/sitio\/wp-json\/wp\/v2\/users\/4"}],"replies":[{"embeddable":true,"href":"https:\/\/eldiariodesanpedro.com.ar\/sitio\/wp-json\/wp\/v2\/comments?post=33791"}],"version-history":[{"count":1,"href":"https:\/\/eldiariodesanpedro.com.ar\/sitio\/wp-json\/wp\/v2\/posts\/33791\/revisions"}],"predecessor-version":[{"id":33792,"href":"https:\/\/eldiariodesanpedro.com.ar\/sitio\/wp-json\/wp\/v2\/posts\/33791\/revisions\/33792"}],"wp:featuredmedia":[{"embeddable":true,"href":"https:\/\/eldiariodesanpedro.com.ar\/sitio\/wp-json\/wp\/v2\/media\/14359"}],"wp:attachment":[{"href":"https:\/\/eldiariodesanpedro.com.ar\/sitio\/wp-json\/wp\/v2\/media?parent=33791"}],"wp:term":[{"taxonomy":"category","embeddable":true,"href":"https:\/\/eldiariodesanpedro.com.ar\/sitio\/wp-json\/wp\/v2\/categories?post=33791"},{"taxonomy":"post_tag","embeddable":true,"href":"https:\/\/eldiariodesanpedro.com.ar\/sitio\/wp-json\/wp\/v2\/tags?post=33791"}],"curies":[{"name":"wp","href":"https:\/\/api.w.org\/{rel}","templated":true}]}}