{"id":33789,"date":"2018-05-28T09:13:39","date_gmt":"2018-05-28T12:13:39","guid":{"rendered":"https:\/\/eldiariodesanpedro.com.ar\/sitio\/?p=33789"},"modified":"2018-05-28T09:13:39","modified_gmt":"2018-05-28T12:13:39","slug":"un-menor-escapo-de-un-control-vehicular-y-fue-aprehendido-tras-una-persecucion","status":"publish","type":"post","link":"https:\/\/eldiariodesanpedro.com.ar\/sitio\/un-menor-escapo-de-un-control-vehicular-y-fue-aprehendido-tras-una-persecucion\/","title":{"rendered":"Un menor escap\u00f3 de un control vehicular y fue aprehendido tras una persecuci\u00f3n"},"content":{"rendered":"<p><!-- VideographyWP Plugin Message: Automatic video embedding prevented by plugin options. --><br \/>\nUn menor de 15 a\u00f1os escapo a alta velocidad de un operativo realizado en la localidad de Gobernador Castro y fue aprehendido por la polic\u00eda. El adolescente se movilizaba en una moto con motor adulterado.<\/p>\n<p>El domingo por la tarde, personal del Destacamento de la localidad de Gobernador Castro, realizaron un operativo vehicular en calle Lucio Mansilla y Camino Guzzo, all\u00ed una motocicleta marca Mondial 150 cc de color negro se da a la fuga esquivando el control por camino rural logrando ser alcanzada por la polic\u00eda quienes proceden a la aprehensi\u00f3n del conductor que se trataba de un joven de 15 a\u00f1os quien circulaba con su motocicleta sin patente y con motor adulterado.<\/p>\n<p>UFI del joven dispuso secuestro de rodado y el menor luego de notificarlo de las actuaciones fue entregado a sus progenitores<\/p>\n","protected":false},"excerpt":{"rendered":"<p>Un menor de 15 a\u00f1os escapo a alta velocidad de un operativo realizado en la localidad de Gobernador Castro y fue aprehendido por la polic\u00eda. El adolescente se movilizaba en una moto con motor adulterado. El domingo por la tarde, personal del Destacamento de la localidad de Gobernador Castro, realizaron un operativo vehicular en calle [&hellip;]<\/p>\n","protected":false},"author":4,"featured_media":11797,"comment_status":"open","ping_status":"closed","sticky":false,"template":"","format":"standard","meta":{"om_disable_all_campaigns":false,"_jetpack_memberships_contains_paid_content":false,"footnotes":""},"categories":[2,103],"tags":[],"class_list":["post-33789","post","type-post","status-publish","format-standard","has-post-thumbnail","hentry","category-locales","category-policiales-locales"],"aioseo_notices":[],"gutentor_comment":0,"jetpack_featured_media_url":"https:\/\/eldiariodesanpedro.com.ar\/sitio\/wp-content\/uploads\/2016\/12\/moto-secuestrada.jpg","jetpack_shortlink":"https:\/\/wp.me\/p6RhLt-8MZ","jetpack_sharing_enabled":true,"_links":{"self":[{"href":"https:\/\/eldiariodesanpedro.com.ar\/sitio\/wp-json\/wp\/v2\/posts\/33789","targetHints":{"allow":["GET"]}}],"collection":[{"href":"https:\/\/eldiariodesanpedro.com.ar\/sitio\/wp-json\/wp\/v2\/posts"}],"about":[{"href":"https:\/\/eldiariodesanpedro.com.ar\/sitio\/wp-json\/wp\/v2\/types\/post"}],"author":[{"embeddable":true,"href":"https:\/\/eldiariodesanpedro.com.ar\/sitio\/wp-json\/wp\/v2\/users\/4"}],"replies":[{"embeddable":true,"href":"https:\/\/eldiariodesanpedro.com.ar\/sitio\/wp-json\/wp\/v2\/comments?post=33789"}],"version-history":[{"count":1,"href":"https:\/\/eldiariodesanpedro.com.ar\/sitio\/wp-json\/wp\/v2\/posts\/33789\/revisions"}],"predecessor-version":[{"id":33790,"href":"https:\/\/eldiariodesanpedro.com.ar\/sitio\/wp-json\/wp\/v2\/posts\/33789\/revisions\/33790"}],"wp:featuredmedia":[{"embeddable":true,"href":"https:\/\/eldiariodesanpedro.com.ar\/sitio\/wp-json\/wp\/v2\/media\/11797"}],"wp:attachment":[{"href":"https:\/\/eldiariodesanpedro.com.ar\/sitio\/wp-json\/wp\/v2\/media?parent=33789"}],"wp:term":[{"taxonomy":"category","embeddable":true,"href":"https:\/\/eldiariodesanpedro.com.ar\/sitio\/wp-json\/wp\/v2\/categories?post=33789"},{"taxonomy":"post_tag","embeddable":true,"href":"https:\/\/eldiariodesanpedro.com.ar\/sitio\/wp-json\/wp\/v2\/tags?post=33789"}],"curies":[{"name":"wp","href":"https:\/\/api.w.org\/{rel}","templated":true}]}}