{"id":33786,"date":"2018-05-27T21:06:15","date_gmt":"2018-05-28T00:06:15","guid":{"rendered":"https:\/\/eldiariodesanpedro.com.ar\/sitio\/?p=33786"},"modified":"2018-05-27T21:06:15","modified_gmt":"2018-05-28T00:06:15","slug":"nuevo-robo-en-zona-rural","status":"publish","type":"post","link":"https:\/\/eldiariodesanpedro.com.ar\/sitio\/nuevo-robo-en-zona-rural\/","title":{"rendered":"Nuevo robo en zona rural"},"content":{"rendered":"<p><!-- VideographyWP Plugin Message: Automatic video embedding prevented by plugin options. --><br \/>\n  Un hombre de 56 a\u00f1os denunci\u00f3 el s\u00e1bado por la tarde en la Comisar\u00eda local que, al llegar al campo ubicado sobre el km 4,5 de la ruta 191 constat\u00f3 que malviviente\/s hab\u00eda\/n ingresado a la vivienda y sustra\u00eddo diferentes herramientas de mano, monturas de caballo, cuchillos y vestimenta gauchesca.<\/p>\n","protected":false},"excerpt":{"rendered":"<p>Un hombre de 56 a\u00f1os denunci\u00f3 el s\u00e1bado por la tarde en la Comisar\u00eda local que, al llegar al campo ubicado sobre el km 4,5 de la ruta 191 constat\u00f3 que malviviente\/s hab\u00eda\/n ingresado a la vivienda y sustra\u00eddo diferentes herramientas de mano, monturas de caballo, cuchillos y vestimenta gauchesca.<\/p>\n","protected":false},"author":4,"featured_media":27037,"comment_status":"open","ping_status":"closed","sticky":false,"template":"","format":"standard","meta":{"om_disable_all_campaigns":false,"_jetpack_memberships_contains_paid_content":false,"footnotes":""},"categories":[2,103],"tags":[],"class_list":["post-33786","post","type-post","status-publish","format-standard","has-post-thumbnail","hentry","category-locales","category-policiales-locales"],"aioseo_notices":[],"gutentor_comment":0,"jetpack_featured_media_url":"https:\/\/eldiariodesanpedro.com.ar\/sitio\/wp-content\/uploads\/2017\/12\/patrullero-policia-Intento-de-usurpaci\u00f3n-con-agresi\u00f3n-a-efectivos-policiales.jpg","jetpack_shortlink":"https:\/\/wp.me\/p6RhLt-8MW","jetpack_sharing_enabled":true,"_links":{"self":[{"href":"https:\/\/eldiariodesanpedro.com.ar\/sitio\/wp-json\/wp\/v2\/posts\/33786","targetHints":{"allow":["GET"]}}],"collection":[{"href":"https:\/\/eldiariodesanpedro.com.ar\/sitio\/wp-json\/wp\/v2\/posts"}],"about":[{"href":"https:\/\/eldiariodesanpedro.com.ar\/sitio\/wp-json\/wp\/v2\/types\/post"}],"author":[{"embeddable":true,"href":"https:\/\/eldiariodesanpedro.com.ar\/sitio\/wp-json\/wp\/v2\/users\/4"}],"replies":[{"embeddable":true,"href":"https:\/\/eldiariodesanpedro.com.ar\/sitio\/wp-json\/wp\/v2\/comments?post=33786"}],"version-history":[{"count":2,"href":"https:\/\/eldiariodesanpedro.com.ar\/sitio\/wp-json\/wp\/v2\/posts\/33786\/revisions"}],"predecessor-version":[{"id":33788,"href":"https:\/\/eldiariodesanpedro.com.ar\/sitio\/wp-json\/wp\/v2\/posts\/33786\/revisions\/33788"}],"wp:featuredmedia":[{"embeddable":true,"href":"https:\/\/eldiariodesanpedro.com.ar\/sitio\/wp-json\/wp\/v2\/media\/27037"}],"wp:attachment":[{"href":"https:\/\/eldiariodesanpedro.com.ar\/sitio\/wp-json\/wp\/v2\/media?parent=33786"}],"wp:term":[{"taxonomy":"category","embeddable":true,"href":"https:\/\/eldiariodesanpedro.com.ar\/sitio\/wp-json\/wp\/v2\/categories?post=33786"},{"taxonomy":"post_tag","embeddable":true,"href":"https:\/\/eldiariodesanpedro.com.ar\/sitio\/wp-json\/wp\/v2\/tags?post=33786"}],"curies":[{"name":"wp","href":"https:\/\/api.w.org\/{rel}","templated":true}]}}