{"id":33779,"date":"2018-05-27T21:03:09","date_gmt":"2018-05-28T00:03:09","guid":{"rendered":"https:\/\/eldiariodesanpedro.com.ar\/sitio\/?p=33779"},"modified":"2018-05-27T21:03:09","modified_gmt":"2018-05-28T00:03:09","slug":"un-hombre-de-67-anos-se-quito-la-vida","status":"publish","type":"post","link":"https:\/\/eldiariodesanpedro.com.ar\/sitio\/un-hombre-de-67-anos-se-quito-la-vida\/","title":{"rendered":"Un hombre de 67 a\u00f1os se quit\u00f3 la vida"},"content":{"rendered":"<p><!-- VideographyWP Plugin Message: Automatic video embedding prevented by plugin options. --><br \/>\n  La Polic\u00eda intervino en el hallazgo de una persona de sexo masculino, de avanzada edad que se habr\u00eda quitado la vida en el patio de su vivienda, ubicada sobre calle Sargento Selada al 900 de esta ciudad.<br \/>\n  El mismo fue identificado como Juan \u00c1ngel Forlano, de 67 a\u00f1os. Se cree que habr\u00eda tomado esta triste decisi\u00f3n por sufrir problemas de salud.<\/p>\n","protected":false},"excerpt":{"rendered":"<p>La Polic\u00eda intervino en el hallazgo de una persona de sexo masculino, de avanzada edad que se habr\u00eda quitado la vida en el patio de su vivienda, ubicada sobre calle Sargento Selada al 900 de esta ciudad. El mismo fue identificado como Juan \u00c1ngel Forlano, de 67 a\u00f1os. Se cree que habr\u00eda tomado esta triste [&hellip;]<\/p>\n","protected":false},"author":4,"featured_media":27346,"comment_status":"open","ping_status":"closed","sticky":false,"template":"","format":"standard","meta":{"om_disable_all_campaigns":false,"_jetpack_memberships_contains_paid_content":false,"footnotes":""},"categories":[2,103],"tags":[],"class_list":["post-33779","post","type-post","status-publish","format-standard","has-post-thumbnail","hentry","category-locales","category-policiales-locales"],"aioseo_notices":[],"gutentor_comment":0,"jetpack_featured_media_url":"https:\/\/eldiariodesanpedro.com.ar\/sitio\/wp-content\/uploads\/2017\/12\/policia-distrital.jpg","jetpack_shortlink":"https:\/\/wp.me\/p6RhLt-8MP","jetpack_sharing_enabled":true,"_links":{"self":[{"href":"https:\/\/eldiariodesanpedro.com.ar\/sitio\/wp-json\/wp\/v2\/posts\/33779","targetHints":{"allow":["GET"]}}],"collection":[{"href":"https:\/\/eldiariodesanpedro.com.ar\/sitio\/wp-json\/wp\/v2\/posts"}],"about":[{"href":"https:\/\/eldiariodesanpedro.com.ar\/sitio\/wp-json\/wp\/v2\/types\/post"}],"author":[{"embeddable":true,"href":"https:\/\/eldiariodesanpedro.com.ar\/sitio\/wp-json\/wp\/v2\/users\/4"}],"replies":[{"embeddable":true,"href":"https:\/\/eldiariodesanpedro.com.ar\/sitio\/wp-json\/wp\/v2\/comments?post=33779"}],"version-history":[{"count":2,"href":"https:\/\/eldiariodesanpedro.com.ar\/sitio\/wp-json\/wp\/v2\/posts\/33779\/revisions"}],"predecessor-version":[{"id":33784,"href":"https:\/\/eldiariodesanpedro.com.ar\/sitio\/wp-json\/wp\/v2\/posts\/33779\/revisions\/33784"}],"wp:featuredmedia":[{"embeddable":true,"href":"https:\/\/eldiariodesanpedro.com.ar\/sitio\/wp-json\/wp\/v2\/media\/27346"}],"wp:attachment":[{"href":"https:\/\/eldiariodesanpedro.com.ar\/sitio\/wp-json\/wp\/v2\/media?parent=33779"}],"wp:term":[{"taxonomy":"category","embeddable":true,"href":"https:\/\/eldiariodesanpedro.com.ar\/sitio\/wp-json\/wp\/v2\/categories?post=33779"},{"taxonomy":"post_tag","embeddable":true,"href":"https:\/\/eldiariodesanpedro.com.ar\/sitio\/wp-json\/wp\/v2\/tags?post=33779"}],"curies":[{"name":"wp","href":"https:\/\/api.w.org\/{rel}","templated":true}]}}