{"id":33775,"date":"2018-05-27T20:59:47","date_gmt":"2018-05-27T23:59:47","guid":{"rendered":"https:\/\/eldiariodesanpedro.com.ar\/sitio\/?p=33775"},"modified":"2018-05-27T20:59:47","modified_gmt":"2018-05-27T23:59:47","slug":"un-aprehendido-por-golpear-a-efectivos-policiales","status":"publish","type":"post","link":"https:\/\/eldiariodesanpedro.com.ar\/sitio\/un-aprehendido-por-golpear-a-efectivos-policiales\/","title":{"rendered":"Un aprehendido por golpear a efectivos policiales"},"content":{"rendered":"<p><!-- VideographyWP Plugin Message: Automatic video embedding prevented by plugin options. --><br \/>\nEn el marco de los operativos de control de identidad, durante el d\u00eda de ayer, un joven de 20 a\u00f1os result\u00f3 aprehendido.<\/p>\n<p>  La aprehensi\u00f3n ocurri\u00f3 en la esquina de las calles San Mart\u00edn y Padre Santana de nuestra ciudad. Este joven, instantes antes de la aprehensi\u00f3n hab\u00eda agredido a un oficial de polic\u00eda local cuando quisieron identificarlo. Le propin\u00f3 al efectivo un golpe de pu\u00f1o en el rostro; adem\u00e1s, el perro del agresor produjo lesiones por mordida en los miembros inferiores al mismo oficial y a su compa\u00f1era, una polic\u00eda de 22 a\u00f1os. <\/p>\n","protected":false},"excerpt":{"rendered":"<p>En el marco de los operativos de control de identidad, durante el d\u00eda de ayer, un joven de 20 a\u00f1os result\u00f3 aprehendido. La aprehensi\u00f3n ocurri\u00f3 en la esquina de las calles San Mart\u00edn y Padre Santana de nuestra ciudad. Este joven, instantes antes de la aprehensi\u00f3n hab\u00eda agredido a un oficial de polic\u00eda local cuando [&hellip;]<\/p>\n","protected":false},"author":4,"featured_media":31829,"comment_status":"open","ping_status":"closed","sticky":false,"template":"","format":"standard","meta":{"om_disable_all_campaigns":false,"_jetpack_memberships_contains_paid_content":false,"footnotes":""},"categories":[2,103],"tags":[],"class_list":["post-33775","post","type-post","status-publish","format-standard","has-post-thumbnail","hentry","category-locales","category-policiales-locales"],"aioseo_notices":[],"gutentor_comment":0,"jetpack_featured_media_url":"https:\/\/eldiariodesanpedro.com.ar\/sitio\/wp-content\/uploads\/2018\/04\/detenido_658x400_0.jpg","jetpack_shortlink":"https:\/\/wp.me\/p6RhLt-8ML","jetpack_sharing_enabled":true,"_links":{"self":[{"href":"https:\/\/eldiariodesanpedro.com.ar\/sitio\/wp-json\/wp\/v2\/posts\/33775","targetHints":{"allow":["GET"]}}],"collection":[{"href":"https:\/\/eldiariodesanpedro.com.ar\/sitio\/wp-json\/wp\/v2\/posts"}],"about":[{"href":"https:\/\/eldiariodesanpedro.com.ar\/sitio\/wp-json\/wp\/v2\/types\/post"}],"author":[{"embeddable":true,"href":"https:\/\/eldiariodesanpedro.com.ar\/sitio\/wp-json\/wp\/v2\/users\/4"}],"replies":[{"embeddable":true,"href":"https:\/\/eldiariodesanpedro.com.ar\/sitio\/wp-json\/wp\/v2\/comments?post=33775"}],"version-history":[{"count":2,"href":"https:\/\/eldiariodesanpedro.com.ar\/sitio\/wp-json\/wp\/v2\/posts\/33775\/revisions"}],"predecessor-version":[{"id":33781,"href":"https:\/\/eldiariodesanpedro.com.ar\/sitio\/wp-json\/wp\/v2\/posts\/33775\/revisions\/33781"}],"wp:featuredmedia":[{"embeddable":true,"href":"https:\/\/eldiariodesanpedro.com.ar\/sitio\/wp-json\/wp\/v2\/media\/31829"}],"wp:attachment":[{"href":"https:\/\/eldiariodesanpedro.com.ar\/sitio\/wp-json\/wp\/v2\/media?parent=33775"}],"wp:term":[{"taxonomy":"category","embeddable":true,"href":"https:\/\/eldiariodesanpedro.com.ar\/sitio\/wp-json\/wp\/v2\/categories?post=33775"},{"taxonomy":"post_tag","embeddable":true,"href":"https:\/\/eldiariodesanpedro.com.ar\/sitio\/wp-json\/wp\/v2\/tags?post=33775"}],"curies":[{"name":"wp","href":"https:\/\/api.w.org\/{rel}","templated":true}]}}