{"id":33766,"date":"2018-05-27T20:55:47","date_gmt":"2018-05-27T23:55:47","guid":{"rendered":"https:\/\/eldiariodesanpedro.com.ar\/sitio\/?p=33766"},"modified":"2026-01-24T00:13:33","modified_gmt":"2026-01-24T03:13:33","slug":"futbol-infantil-se-jugo-fecha-doble-durante-viernes-y-sabado","status":"publish","type":"post","link":"https:\/\/eldiariodesanpedro.com.ar\/sitio\/futbol-infantil-se-jugo-fecha-doble-durante-viernes-y-sabado\/","title":{"rendered":"F\u00daTBOL INFANTIL: Se jug\u00f3 fecha doble durante viernes y s\u00e1bado"},"content":{"rendered":"<p><!-- VideographyWP Plugin Message: Automatic video embedding prevented by plugin options. --><br \/>\nM\u00e1s de 120 partidos se disputaron este fin de semana por la Liga Infantil de F\u00fatbol de San Pedro, jug\u00e1ndose las fechas 9 y 10 del Torneo Apertura con estos resultados:<\/p>\n<p><strong>Novena fecha, viernes 25 de mayo<\/strong><\/p>\n<p>Villa Igoillo &#8211; Mitre<br \/>\n1 &#8211; 2 (2011)\t1 &#8211; 3 (2010)\t2 &#8211; 0 (2009)\t1 &#8211; 3 (2008)\t0 &#8211; 2 (2007)\t0 &#8211; 1 (2006)<\/p>\n<p>Independencia FC &#8211; Los Andes<br \/>\n1 &#8211; 1 (2011)\t3 &#8211; 0 (2010)\t2 &#8211; 0 (2009)\t0 &#8211; 1 (2008)\t2 &#8211; 2 (2007)\t1 &#8211; 0 (2006)<\/p>\n<p>Am\u00e9rica &#8211; Dep. Alsina<br \/>\n0 &#8211; 0 (2010)\t4 &#8211; 4 (2009)\t7 &#8211; 1 (2008)\t3 &#8211; 3 (2007)\t8 &#8211; 0 (2006)<\/p>\n<p>Pescadores &#8211; Atl\u00e9tico<br \/>\n0 &#8211; 3 (2011)\t0 &#8211; 5 (2010)\t0 &#8211; 8 (2009)\t1 &#8211; 1 (2008)\t0 &#8211; 1 (2007)\t0 &#8211; 4 (2006)<\/p>\n<p>San Roque &#8211; Agricultores<br \/>\n1 &#8211; 1 (2011)\t1 &#8211; 0 (2010)\t0 &#8211; 3 (2009)\t0 &#8211; 2 (2008)\t5 &#8211; 3 (2007)\t5 &#8211; 1 (2006)<\/p>\n<p>Defensores Unidos &#8211; Sportivo<br \/>\n1 &#8211; 2 (2011)\t1 &#8211; 4 (2010)\t0 &#8211; 7 (2009)\t1 &#8211; 2 (2008)\t1 &#8211; 2 (2007)\t0 &#8211; 0 (2006)<\/p>\n<p>Fundici\u00f3n FC &#8211; El Tanque<br \/>\n5 &#8211; 3 (2011)\t1 &#8211; 3 (2010)\t1 &#8211; 3 (2009)\t0 &#8211; 4 (2008)\t1 &#8211; 2 (2007)\t1 &#8211; 1 (2006)<\/p>\n<p>Rivadavia &#8211; El Porvenir<br \/>\n1 &#8211; 0 (2011)\t0 &#8211; 2 (2010)\t3 &#8211; 2 (2009)\t1 &#8211; 1 (2008)\t0 &#8211; 3 (2007)\t1 &#8211; 1 (2006)<\/p>\n<p>Costa Azul &#8211; Paran\u00e1<br \/>\nGP Paran\u00e1 (2011)\t0 &#8211; 8 (2010) 0 &#8211; 5 (2008)\t0 &#8211; 3 (2007)\t0 &#8211; 8 (2006)<\/p>\n<p>Central C\u00f3rdoba &#8211; Castro FC<br \/>\n0 &#8211; 1 (2011) 1 &#8211; 0 (2009)\t2 &#8211; 1 (2008)\t3 &#8211; 3 (2007)\t0 &#8211; 2 (2006)<\/p>\n<p>Gral. San Mart\u00edn &#8211; Independiente<br \/>\n** (2011) ** (2010) 6 &#8211; 0 (2009) 2 &#8211; 1 (2008) 1 &#8211; 1 (2007)\t4 &#8211; 0 (2006)<\/p>\n<p><strong>D\u00e9cima fecha, s\u00e1bado 26 de mayo<\/strong><\/p>\n<p>Atl\u00e9tico &#8211; Independencia<br \/>\n 2 &#8211; 2 (2011)\t1 &#8211; 1 (2010)\t0 &#8211; 1 (2009)\t3 &#8211; 2 (2008)\t0 &#8211; 3 (2007)\t0 &#8211; 3 (2006)<\/p>\n<p>Mitre \u2013 Fundici\u00f3n FC<br \/>\n1 &#8211; 1 (2011)\t7 &#8211; 1 (2010)\t4 &#8211; 0 (2009)\t4 &#8211; 1 (2008)\t1 &#8211; 1 (2007)\t2 &#8211; 1 (2006)<\/p>\n<p>Dep. Alsina &#8211; Gral. San Mart\u00edn<br \/>\n0 &#8211; 4 (2010)\t0 &#8211; 4 (2009)\t2 &#8211; 3 (2008)\t2 &#8211; 4 (2007)\t0 &#8211; 8 (2006)<\/p>\n<p>Agricultores &#8211; Villa Igoillo<br \/>\n1 &#8211; 2 (2011)\t0 &#8211; 2 (2010)\t0 &#8211; 5 (2009)\t1 &#8211; 0 (2008)\t1 &#8211; 2 (2007)\t0 &#8211; 1 (2006)<\/p>\n<p>Sportivo &#8211; Am\u00e9rica<br \/>\n2 &#8211; 0 (2011)\t5 &#8211; 0 (2010)\t4 &#8211; 0 (2009)\t0 &#8211; 3 (2008)\t3 &#8211; 0 (2007)\t1 &#8211; 0 (2006)<\/p>\n<p>El Porvenir &#8211; Def. Unidos<br \/>\n2 &#8211; 0 (2011)\t4 &#8211; 0 (2010)\t5 &#8211; 0 (2009)\t5 &#8211; 0 (2008)\t5 &#8211; 1 (2007)\t2 &#8211; 1 (2006)<\/p>\n<p>Independiente &#8211; San Roque<br \/>\n0 &#8211; 4 (2011)\t0 &#8211; 0 (2010)\t1 &#8211; 7 (2009)\t1 &#8211; 4 (2008)\t0 &#8211; 2 (2007)\t0 &#8211; 1 (2006)<\/p>\n<p>El Tanque &#8211; Pescadores<br \/>\n1 &#8211; 2 (2011)\t3 &#8211; 0 (2010)\t8 &#8211; 0 (2009)\t2 &#8211; 0 (2008)\t3 &#8211; 0 (2007)\t8 &#8211; 0 (2006)<\/p>\n<p>Castro FC &#8211; Costa Azul<br \/>\nG.C (2011) \t5 &#8211; 0 (2008)\t3 &#8211; 1 (2007)\t0 &#8211; 6 (2006)<\/p>\n<p>Paran\u00e1 &#8211; Rivadavia<br \/>\n5 &#8211; 1 (2011)\t1 &#8211; 0 (2010)\t5 &#8211; 0 (2009)\t6 &#8211; 1 (2008)\t2 &#8211; 2 (2007)\t4 &#8211; 1 (2006)<\/p>\n<p>Los Andes &#8211; Central C\u00f3rdoba<br \/>\n1 &#8211; 0 (2011) 0 &#8211; 4 (2009)\t0 &#8211; 4 (2008)\t0 &#8211; 3 (2007)\t2 &#8211; 0 (2006)<\/p>\n","protected":false},"excerpt":{"rendered":"<p>M\u00e1s de 120 partidos se disputaron este fin de semana por la Liga Infantil de F\u00fatbol de San Pedro, jug\u00e1ndose las fechas 9 y 10 del Torneo Apertura con estos resultados: Novena fecha, viernes 25 de mayo Villa Igoillo &#8211; Mitre 1 &#8211; 2 (2011) 1 &#8211; 3 (2010) 2 &#8211; 0 (2009) 1 &#8211; [&hellip;]<\/p>\n","protected":false},"author":4,"featured_media":33770,"comment_status":"open","ping_status":"closed","sticky":false,"template":"","format":"standard","meta":{"om_disable_all_campaigns":false,"_jetpack_memberships_contains_paid_content":false,"footnotes":""},"categories":[5],"tags":[],"class_list":["post-33766","post","type-post","status-publish","format-standard","has-post-thumbnail","hentry","category-deportes"],"aioseo_notices":[],"gutentor_comment":0,"jetpack_featured_media_url":"https:\/\/eldiariodesanpedro.com.ar\/sitio\/wp-content\/uploads\/2018\/05\/Pescadores-ante-Atl\u00e9tico-en-la-ribera.jpg","jetpack_shortlink":"https:\/\/wp.me\/p6RhLt-8MC","jetpack_sharing_enabled":true,"_links":{"self":[{"href":"https:\/\/eldiariodesanpedro.com.ar\/sitio\/wp-json\/wp\/v2\/posts\/33766","targetHints":{"allow":["GET"]}}],"collection":[{"href":"https:\/\/eldiariodesanpedro.com.ar\/sitio\/wp-json\/wp\/v2\/posts"}],"about":[{"href":"https:\/\/eldiariodesanpedro.com.ar\/sitio\/wp-json\/wp\/v2\/types\/post"}],"author":[{"embeddable":true,"href":"https:\/\/eldiariodesanpedro.com.ar\/sitio\/wp-json\/wp\/v2\/users\/4"}],"replies":[{"embeddable":true,"href":"https:\/\/eldiariodesanpedro.com.ar\/sitio\/wp-json\/wp\/v2\/comments?post=33766"}],"version-history":[{"count":1,"href":"https:\/\/eldiariodesanpedro.com.ar\/sitio\/wp-json\/wp\/v2\/posts\/33766\/revisions"}],"predecessor-version":[{"id":33772,"href":"https:\/\/eldiariodesanpedro.com.ar\/sitio\/wp-json\/wp\/v2\/posts\/33766\/revisions\/33772"}],"wp:featuredmedia":[{"embeddable":true,"href":"https:\/\/eldiariodesanpedro.com.ar\/sitio\/wp-json\/wp\/v2\/media\/33770"}],"wp:attachment":[{"href":"https:\/\/eldiariodesanpedro.com.ar\/sitio\/wp-json\/wp\/v2\/media?parent=33766"}],"wp:term":[{"taxonomy":"category","embeddable":true,"href":"https:\/\/eldiariodesanpedro.com.ar\/sitio\/wp-json\/wp\/v2\/categories?post=33766"},{"taxonomy":"post_tag","embeddable":true,"href":"https:\/\/eldiariodesanpedro.com.ar\/sitio\/wp-json\/wp\/v2\/tags?post=33766"}],"curies":[{"name":"wp","href":"https:\/\/api.w.org\/{rel}","templated":true}]}}