{"id":33763,"date":"2018-05-27T20:55:13","date_gmt":"2018-05-27T23:55:13","guid":{"rendered":"https:\/\/eldiariodesanpedro.com.ar\/sitio\/?p=33763"},"modified":"2026-01-24T00:13:33","modified_gmt":"2026-01-24T03:13:33","slug":"patin-artistico-intervinieron-en-el-nacional-b-cinco-sampedrinas","status":"publish","type":"post","link":"https:\/\/eldiariodesanpedro.com.ar\/sitio\/patin-artistico-intervinieron-en-el-nacional-b-cinco-sampedrinas\/","title":{"rendered":"PAT\u00cdN ART\u00cdSTICO: Intervinieron en el Nacional B cinco sampedrinas"},"content":{"rendered":"<p><!-- VideographyWP Plugin Message: Automatic video embedding prevented by plugin options. --><br \/>\n  A lo largo de la semana anterior en las instalaciones del Estadio Aldo Cantoni de la ciudad de San Juan se desarroll\u00f3 el Torneo Argentino de Pat\u00edn Art\u00edstico de la Divisional B organizado y fiscalizado por la Confederaci\u00f3n Argentina de Pat\u00edn. Tres clubes de nuestra ciudad representaron a diferentes asociaciones, siendo estos los resultados logrados: <\/p>\n<p><strong>Club Pescadores<\/strong><br \/>\nAbril Medina Casco: 14\u00b0 (entre 36 participantes, \u201cB\u201d tercera 15 a\u00f1os)<br \/>\nNayarit P\u00e9rez: 18\u00b0 (entre 27 participantes, \u201cB\u201d tercera juvenil serie A)<\/p>\n<p><strong>Paran\u00e1 FC<\/strong><br \/>\nSof\u00eda Baca: 10\u00b0 (entre 26 participantes, \u201cB\u201d tercera)<br \/>\nAlisa P\u00e1ez: 6\u00b0 (entre 26 participantes, \u201cB\u201d tercera)<\/p>\n<p><strong>Mitre<\/strong><br \/>\nSerena Mu\u00f1oz: 11\u00b0 y 11\u00b0 (entre 29 participantes, libre y figuras obligatorias, respectivamente, \u201cB\u201d tercera, 14 a\u00f1os)<\/p>\n<p>  El torneo finaliz\u00f3 el domingo con una gran fiesta, entrega de premios para las entidades que m\u00e1s puntos obtuvieron en cada una de las pruebas individuales y tambi\u00e9n con menciones para las patinadoras.   <\/p>\n<div data-carousel-extra='{&quot;blog_id&quot;:1,&quot;permalink&quot;:&quot;https:\/\/eldiariodesanpedro.com.ar\/sitio\/patin-artistico-intervinieron-en-el-nacional-b-cinco-sampedrinas\/&quot;}' id='gallery-1' class='gallery galleryid-33763 gallery-columns-3 gallery-size-large'><figure class='gallery-item'>\n\t\t\t<div class='gallery-icon portrait'>\n\t\t\t\t<a href='https:\/\/eldiariodesanpedro.com.ar\/sitio\/patin-artistico-intervinieron-en-el-nacional-b-cinco-sampedrinas\/serena-munoz\/'><img decoding=\"async\" width=\"640\" height=\"853\" data-src=\"https:\/\/eldiariodesanpedro.com.ar\/sitio\/wp-content\/uploads\/2018\/05\/Serena-Mu\u00f1oz-768x1024.jpg\" class=\"attachment-large size-large lazyload\" alt=\"El Diario de San Pedro | Noticias locales y regionales\" data-srcset=\"https:\/\/eldiariodesanpedro.com.ar\/sitio\/wp-content\/uploads\/2018\/05\/Serena-Mu\u00f1oz.jpg 768w, https:\/\/eldiariodesanpedro.com.ar\/sitio\/wp-content\/uploads\/2018\/05\/Serena-Mu\u00f1oz-225x300.jpg 225w\" data-sizes=\"(max-width: 640px) 100vw, 640px\" data-attachment-id=\"33768\" data-permalink=\"https:\/\/eldiariodesanpedro.com.ar\/sitio\/patin-artistico-intervinieron-en-el-nacional-b-cinco-sampedrinas\/serena-munoz\/\" data-orig-file=\"https:\/\/eldiariodesanpedro.com.ar\/sitio\/wp-content\/uploads\/2018\/05\/Serena-Mu\u00f1oz.jpg\" data-orig-size=\"768,1024\" data-comments-opened=\"1\" data-image-meta=\"{&quot;aperture&quot;:&quot;0&quot;,&quot;credit&quot;:&quot;&quot;,&quot;camera&quot;:&quot;&quot;,&quot;caption&quot;:&quot;&quot;,&quot;created_timestamp&quot;:&quot;0&quot;,&quot;copyright&quot;:&quot;&quot;,&quot;focal_length&quot;:&quot;0&quot;,&quot;iso&quot;:&quot;0&quot;,&quot;shutter_speed&quot;:&quot;0&quot;,&quot;title&quot;:&quot;&quot;,&quot;orientation&quot;:&quot;0&quot;}\" data-image-title=\"Serena Mu\u00f1oz\" data-image-description=\"\" data-image-caption=\"\" data-large-file=\"https:\/\/eldiariodesanpedro.com.ar\/sitio\/wp-content\/uploads\/2018\/05\/Serena-Mu\u00f1oz-768x1024.jpg\" src=\"data:image\/svg+xml;base64,PHN2ZyB3aWR0aD0iMSIgaGVpZ2h0PSIxIiB4bWxucz0iaHR0cDovL3d3dy53My5vcmcvMjAwMC9zdmciPjwvc3ZnPg==\" style=\"--smush-placeholder-width: 640px; --smush-placeholder-aspect-ratio: 640\/853;\" \/><\/a>\n\t\t\t<\/div><\/figure><figure class='gallery-item'>\n\t\t\t<div class='gallery-icon portrait'>\n\t\t\t\t<a href='https:\/\/eldiariodesanpedro.com.ar\/sitio\/patin-artistico-intervinieron-en-el-nacional-b-cinco-sampedrinas\/sofia-baca-y-alisa-paez\/'><img decoding=\"async\" width=\"614\" height=\"1024\" data-src=\"https:\/\/eldiariodesanpedro.com.ar\/sitio\/wp-content\/uploads\/2018\/05\/Sof\u00eda-Baca-y-Alisa-P\u00e1ez-614x1024.jpg\" class=\"attachment-large size-large lazyload\" alt=\"El Diario de San Pedro | Noticias locales y regionales\" data-srcset=\"https:\/\/eldiariodesanpedro.com.ar\/sitio\/wp-content\/uploads\/2018\/05\/Sof\u00eda-Baca-y-Alisa-P\u00e1ez-614x1024.jpg 614w, https:\/\/eldiariodesanpedro.com.ar\/sitio\/wp-content\/uploads\/2018\/05\/Sof\u00eda-Baca-y-Alisa-P\u00e1ez-180x300.jpg 180w, https:\/\/eldiariodesanpedro.com.ar\/sitio\/wp-content\/uploads\/2018\/05\/Sof\u00eda-Baca-y-Alisa-P\u00e1ez.jpg 768w\" data-sizes=\"(max-width: 614px) 100vw, 614px\" data-attachment-id=\"33769\" data-permalink=\"https:\/\/eldiariodesanpedro.com.ar\/sitio\/patin-artistico-intervinieron-en-el-nacional-b-cinco-sampedrinas\/sofia-baca-y-alisa-paez\/\" data-orig-file=\"https:\/\/eldiariodesanpedro.com.ar\/sitio\/wp-content\/uploads\/2018\/05\/Sof\u00eda-Baca-y-Alisa-P\u00e1ez.jpg\" data-orig-size=\"768,1280\" data-comments-opened=\"1\" data-image-meta=\"{&quot;aperture&quot;:&quot;0&quot;,&quot;credit&quot;:&quot;&quot;,&quot;camera&quot;:&quot;&quot;,&quot;caption&quot;:&quot;&quot;,&quot;created_timestamp&quot;:&quot;0&quot;,&quot;copyright&quot;:&quot;&quot;,&quot;focal_length&quot;:&quot;0&quot;,&quot;iso&quot;:&quot;0&quot;,&quot;shutter_speed&quot;:&quot;0&quot;,&quot;title&quot;:&quot;&quot;,&quot;orientation&quot;:&quot;0&quot;}\" data-image-title=\"Sof\u00eda Baca y Alisa P\u00e1ez\" data-image-description=\"\" data-image-caption=\"\" data-large-file=\"https:\/\/eldiariodesanpedro.com.ar\/sitio\/wp-content\/uploads\/2018\/05\/Sof\u00eda-Baca-y-Alisa-P\u00e1ez-614x1024.jpg\" src=\"data:image\/svg+xml;base64,PHN2ZyB3aWR0aD0iMSIgaGVpZ2h0PSIxIiB4bWxucz0iaHR0cDovL3d3dy53My5vcmcvMjAwMC9zdmciPjwvc3ZnPg==\" style=\"--smush-placeholder-width: 614px; --smush-placeholder-aspect-ratio: 614\/1024;\" \/><\/a>\n\t\t\t<\/div><\/figure><figure class='gallery-item'>\n\t\t\t<div class='gallery-icon portrait'>\n\t\t\t\t<a href='https:\/\/eldiariodesanpedro.com.ar\/sitio\/patin-artistico-intervinieron-en-el-nacional-b-cinco-sampedrinas\/abril-medina-casco-y-nayarit-perez\/'><img decoding=\"async\" width=\"576\" height=\"1024\" data-src=\"https:\/\/eldiariodesanpedro.com.ar\/sitio\/wp-content\/uploads\/2018\/05\/Abril-Medina-Casco-y-Nayarit-P\u00e9rez-576x1024.jpg\" class=\"attachment-large size-large lazyload\" alt=\"El Diario de San Pedro | Noticias locales y regionales\" data-srcset=\"https:\/\/eldiariodesanpedro.com.ar\/sitio\/wp-content\/uploads\/2018\/05\/Abril-Medina-Casco-y-Nayarit-P\u00e9rez.jpg 576w, https:\/\/eldiariodesanpedro.com.ar\/sitio\/wp-content\/uploads\/2018\/05\/Abril-Medina-Casco-y-Nayarit-P\u00e9rez-169x300.jpg 169w\" data-sizes=\"(max-width: 576px) 100vw, 576px\" data-attachment-id=\"33767\" data-permalink=\"https:\/\/eldiariodesanpedro.com.ar\/sitio\/patin-artistico-intervinieron-en-el-nacional-b-cinco-sampedrinas\/abril-medina-casco-y-nayarit-perez\/\" data-orig-file=\"https:\/\/eldiariodesanpedro.com.ar\/sitio\/wp-content\/uploads\/2018\/05\/Abril-Medina-Casco-y-Nayarit-P\u00e9rez.jpg\" data-orig-size=\"576,1024\" data-comments-opened=\"1\" data-image-meta=\"{&quot;aperture&quot;:&quot;0&quot;,&quot;credit&quot;:&quot;&quot;,&quot;camera&quot;:&quot;&quot;,&quot;caption&quot;:&quot;&quot;,&quot;created_timestamp&quot;:&quot;0&quot;,&quot;copyright&quot;:&quot;&quot;,&quot;focal_length&quot;:&quot;0&quot;,&quot;iso&quot;:&quot;0&quot;,&quot;shutter_speed&quot;:&quot;0&quot;,&quot;title&quot;:&quot;&quot;,&quot;orientation&quot;:&quot;0&quot;}\" data-image-title=\"Abril Medina Casco y Nayarit P\u00e9rez\" data-image-description=\"\" data-image-caption=\"\" data-large-file=\"https:\/\/eldiariodesanpedro.com.ar\/sitio\/wp-content\/uploads\/2018\/05\/Abril-Medina-Casco-y-Nayarit-P\u00e9rez-576x1024.jpg\" src=\"data:image\/svg+xml;base64,PHN2ZyB3aWR0aD0iMSIgaGVpZ2h0PSIxIiB4bWxucz0iaHR0cDovL3d3dy53My5vcmcvMjAwMC9zdmciPjwvc3ZnPg==\" style=\"--smush-placeholder-width: 576px; --smush-placeholder-aspect-ratio: 576\/1024;\" \/><\/a>\n\t\t\t<\/div><\/figure>\n\t\t<\/div>\n\n","protected":false},"excerpt":{"rendered":"<p>A lo largo de la semana anterior en las instalaciones del Estadio Aldo Cantoni de la ciudad de San Juan se desarroll\u00f3 el Torneo Argentino de Pat\u00edn Art\u00edstico de la Divisional B organizado y fiscalizado por la Confederaci\u00f3n Argentina de Pat\u00edn. Tres clubes de nuestra ciudad representaron a diferentes asociaciones, siendo estos los resultados logrados: [&hellip;]<\/p>\n","protected":false},"author":4,"featured_media":33765,"comment_status":"open","ping_status":"closed","sticky":false,"template":"","format":"standard","meta":{"om_disable_all_campaigns":false,"_jetpack_memberships_contains_paid_content":false,"footnotes":""},"categories":[5],"tags":[],"class_list":["post-33763","post","type-post","status-publish","format-standard","has-post-thumbnail","hentry","category-deportes"],"aioseo_notices":[],"gutentor_comment":0,"jetpack_featured_media_url":"https:\/\/eldiariodesanpedro.com.ar\/sitio\/wp-content\/uploads\/2018\/05\/patin-artistico-Intervinieron-en-el-Nacional-B-cinco-sampedrinas.jpg","jetpack_shortlink":"https:\/\/wp.me\/p6RhLt-8Mz","jetpack_sharing_enabled":true,"_links":{"self":[{"href":"https:\/\/eldiariodesanpedro.com.ar\/sitio\/wp-json\/wp\/v2\/posts\/33763","targetHints":{"allow":["GET"]}}],"collection":[{"href":"https:\/\/eldiariodesanpedro.com.ar\/sitio\/wp-json\/wp\/v2\/posts"}],"about":[{"href":"https:\/\/eldiariodesanpedro.com.ar\/sitio\/wp-json\/wp\/v2\/types\/post"}],"author":[{"embeddable":true,"href":"https:\/\/eldiariodesanpedro.com.ar\/sitio\/wp-json\/wp\/v2\/users\/4"}],"replies":[{"embeddable":true,"href":"https:\/\/eldiariodesanpedro.com.ar\/sitio\/wp-json\/wp\/v2\/comments?post=33763"}],"version-history":[{"count":1,"href":"https:\/\/eldiariodesanpedro.com.ar\/sitio\/wp-json\/wp\/v2\/posts\/33763\/revisions"}],"predecessor-version":[{"id":33771,"href":"https:\/\/eldiariodesanpedro.com.ar\/sitio\/wp-json\/wp\/v2\/posts\/33763\/revisions\/33771"}],"wp:featuredmedia":[{"embeddable":true,"href":"https:\/\/eldiariodesanpedro.com.ar\/sitio\/wp-json\/wp\/v2\/media\/33765"}],"wp:attachment":[{"href":"https:\/\/eldiariodesanpedro.com.ar\/sitio\/wp-json\/wp\/v2\/media?parent=33763"}],"wp:term":[{"taxonomy":"category","embeddable":true,"href":"https:\/\/eldiariodesanpedro.com.ar\/sitio\/wp-json\/wp\/v2\/categories?post=33763"},{"taxonomy":"post_tag","embeddable":true,"href":"https:\/\/eldiariodesanpedro.com.ar\/sitio\/wp-json\/wp\/v2\/tags?post=33763"}],"curies":[{"name":"wp","href":"https:\/\/api.w.org\/{rel}","templated":true}]}}