{"id":33760,"date":"2018-05-27T20:51:26","date_gmt":"2018-05-27T23:51:26","guid":{"rendered":"https:\/\/eldiariodesanpedro.com.ar\/sitio\/?p=33760"},"modified":"2018-05-27T20:51:26","modified_gmt":"2018-05-27T23:51:26","slug":"acto-en-rio-tala-por-el-25-de-mayo","status":"publish","type":"post","link":"https:\/\/eldiariodesanpedro.com.ar\/sitio\/acto-en-rio-tala-por-el-25-de-mayo\/","title":{"rendered":"Acto en R\u00edo Tala por el 25 de Mayo"},"content":{"rendered":"<p><!-- VideographyWP Plugin Message: Automatic video embedding prevented by plugin options. --><br \/>\nEn la Plaza Juan Bautista Zucchi de la localidad de R\u00edo Tala, que desde hace varios a\u00f1os es sede del acto protocolar del 25 de Mayo, funcionarios del ejecutivo, concejales, representantes de las fuerzas de seguridad, docentes, dirigentes institucionales, alumnos de establecimientos educativos de la localidad y vecinos, participaron de la ceremonia con la que se honr\u00f3 a los creadores del Primer Gobierno Patrio.<\/p>\n<p>  El Delegado de R\u00edo Tala, Juan Francisco Hern\u00e1ndez fue el encargado del primer mensaje luego de izar la Bandera Nacional. Habl\u00f3 sobre la esperanza de un futuro mejor para todos sus vecinos, agradeci\u00f3 el acompa\u00f1amiento del Intendente en su gesti\u00f3n y destac\u00f3 que en esa regi\u00f3n habitan sampedrinos que \u00abhacen patria\u00bb trabajando para sus familias. <\/p>\n<p>  Mencion\u00f3 especialmente a los productores de batatas que caracterizan una de las actividades que acercado a muchos de los que residen all\u00ed.<\/p>\n<p>  El Intendente Cecilio Salazar record\u00f3 a los gestores del primer gobierno apuntando que seguramente no fue perfecto y trazando un paralelismo con los tiempos actuales habl\u00f3 sobre la oportunidad que quienes asumen responsabilidades de conducci\u00f3n tienen todos los d\u00edas, ante la posibilidad de elegir trabajar para construir y no para destruir.<\/p>\n<p>  Salazar agradeci\u00f3 a todos los vecinos y especialmente a los ni\u00f1os la presencia y cerr\u00f3 su mensaje con el tradicional \u00abViva La Patria!\u00bb.<\/p>\n","protected":false},"excerpt":{"rendered":"<p>En la Plaza Juan Bautista Zucchi de la localidad de R\u00edo Tala, que desde hace varios a\u00f1os es sede del acto protocolar del 25 de Mayo, funcionarios del ejecutivo, concejales, representantes de las fuerzas de seguridad, docentes, dirigentes institucionales, alumnos de establecimientos educativos de la localidad y vecinos, participaron de la ceremonia con la que [&hellip;]<\/p>\n","protected":false},"author":4,"featured_media":33762,"comment_status":"open","ping_status":"closed","sticky":false,"template":"","format":"standard","meta":{"om_disable_all_campaigns":false,"_jetpack_memberships_contains_paid_content":false,"footnotes":""},"categories":[2,102],"tags":[],"class_list":["post-33760","post","type-post","status-publish","format-standard","has-post-thumbnail","hentry","category-locales","category-politica-locales"],"aioseo_notices":[],"gutentor_comment":0,"jetpack_featured_media_url":"https:\/\/eldiariodesanpedro.com.ar\/sitio\/wp-content\/uploads\/2018\/05\/Acto-en-R\u00edo-Tala-por-el-25-de-Mayo.jpg","jetpack_shortlink":"https:\/\/wp.me\/p6RhLt-8Mw","jetpack_sharing_enabled":true,"_links":{"self":[{"href":"https:\/\/eldiariodesanpedro.com.ar\/sitio\/wp-json\/wp\/v2\/posts\/33760","targetHints":{"allow":["GET"]}}],"collection":[{"href":"https:\/\/eldiariodesanpedro.com.ar\/sitio\/wp-json\/wp\/v2\/posts"}],"about":[{"href":"https:\/\/eldiariodesanpedro.com.ar\/sitio\/wp-json\/wp\/v2\/types\/post"}],"author":[{"embeddable":true,"href":"https:\/\/eldiariodesanpedro.com.ar\/sitio\/wp-json\/wp\/v2\/users\/4"}],"replies":[{"embeddable":true,"href":"https:\/\/eldiariodesanpedro.com.ar\/sitio\/wp-json\/wp\/v2\/comments?post=33760"}],"version-history":[{"count":1,"href":"https:\/\/eldiariodesanpedro.com.ar\/sitio\/wp-json\/wp\/v2\/posts\/33760\/revisions"}],"predecessor-version":[{"id":33764,"href":"https:\/\/eldiariodesanpedro.com.ar\/sitio\/wp-json\/wp\/v2\/posts\/33760\/revisions\/33764"}],"wp:featuredmedia":[{"embeddable":true,"href":"https:\/\/eldiariodesanpedro.com.ar\/sitio\/wp-json\/wp\/v2\/media\/33762"}],"wp:attachment":[{"href":"https:\/\/eldiariodesanpedro.com.ar\/sitio\/wp-json\/wp\/v2\/media?parent=33760"}],"wp:term":[{"taxonomy":"category","embeddable":true,"href":"https:\/\/eldiariodesanpedro.com.ar\/sitio\/wp-json\/wp\/v2\/categories?post=33760"},{"taxonomy":"post_tag","embeddable":true,"href":"https:\/\/eldiariodesanpedro.com.ar\/sitio\/wp-json\/wp\/v2\/tags?post=33760"}],"curies":[{"name":"wp","href":"https:\/\/api.w.org\/{rel}","templated":true}]}}