{"id":33759,"date":"2018-05-27T20:49:46","date_gmt":"2018-05-27T23:49:46","guid":{"rendered":"https:\/\/eldiariodesanpedro.com.ar\/sitio\/?p=33759"},"modified":"2018-05-27T20:49:46","modified_gmt":"2018-05-27T23:49:46","slug":"asaltaron-un-camion-repartidor-de-la-empresa-marolio","status":"publish","type":"post","link":"https:\/\/eldiariodesanpedro.com.ar\/sitio\/asaltaron-un-camion-repartidor-de-la-empresa-marolio\/","title":{"rendered":"Asaltaron un cami\u00f3n repartidor de la empresa Marolio"},"content":{"rendered":"<p><!-- VideographyWP Plugin Message: Automatic video embedding prevented by plugin options. --><br \/>\nDos delincuentes asaltaron un cami\u00f3n repartidor d\u00e1ndose a la fuga con el rodado luego de amenazar a los ocupantes. El cami\u00f3n fue encontrado poco despu\u00e9s en calle D\u00e1vila y Mateo Sbert.<\/p>\n<p>  El hecho se produjo el jueves alrededor de las 11:00 de la ma\u00f1ana cuando un cami\u00f3n repartidor de la empresa Marolio se encontraba estacionado en calle Benefactora Sampedrina al 1200 con sus ocupantes adentro. Los mismos fueron sorprendidos por dos delincuentes que, mediante amenazas, lograron darse a la fuga con el rodado marca Ford Mod F4000.<\/p>\n<p>  Inmediatamente, tom\u00f3 intervenci\u00f3n la polic\u00eda y se logr\u00f3 encontrar el cami\u00f3n abandonado sobre D\u00e1vila y Mateo Sbert, constatando que s\u00f3lo faltaba un bols\u00f3n de fideos (12 paquetes) de la marca Marolio.<\/p>\n<p>  A ra\u00edz de las investigaciones realizadas a partir del secuestro del veh\u00edculo, se llev\u00f3 a cabo un allanamiento de urgencia en calle Bozzano al 1400, residencia de uno de los imputados, donde se secuestr\u00f3 un pack de paquetes de fideos marca Marolio en un envoltorio de nylon transparente ya abierto.  Adem\u00e1s, se realiz\u00f3 otro allanamiento en un domicilio de calle Casella al 1600, vivienda del otro imputado, pero en este caso el resultado fue negativo.<br \/>\n  La causa se caratul\u00f3 como Tentativa de Robo a cargo de la UFI 5 del Dr. Manso.<\/p>\n","protected":false},"excerpt":{"rendered":"<p>Dos delincuentes asaltaron un cami\u00f3n repartidor d\u00e1ndose a la fuga con el rodado luego de amenazar a los ocupantes. El cami\u00f3n fue encontrado poco despu\u00e9s en calle D\u00e1vila y Mateo Sbert. El hecho se produjo el jueves alrededor de las 11:00 de la ma\u00f1ana cuando un cami\u00f3n repartidor de la empresa Marolio se encontraba estacionado [&hellip;]<\/p>\n","protected":false},"author":4,"featured_media":19583,"comment_status":"open","ping_status":"closed","sticky":false,"template":"","format":"standard","meta":{"om_disable_all_campaigns":false,"_jetpack_memberships_contains_paid_content":false,"footnotes":""},"categories":[2,103],"tags":[],"class_list":["post-33759","post","type-post","status-publish","format-standard","has-post-thumbnail","hentry","category-locales","category-policiales-locales"],"aioseo_notices":[],"gutentor_comment":0,"jetpack_featured_media_url":"https:\/\/eldiariodesanpedro.com.ar\/sitio\/wp-content\/uploads\/2017\/06\/policia.jpg","jetpack_shortlink":"https:\/\/wp.me\/p6RhLt-8Mv","jetpack_sharing_enabled":true,"_links":{"self":[{"href":"https:\/\/eldiariodesanpedro.com.ar\/sitio\/wp-json\/wp\/v2\/posts\/33759","targetHints":{"allow":["GET"]}}],"collection":[{"href":"https:\/\/eldiariodesanpedro.com.ar\/sitio\/wp-json\/wp\/v2\/posts"}],"about":[{"href":"https:\/\/eldiariodesanpedro.com.ar\/sitio\/wp-json\/wp\/v2\/types\/post"}],"author":[{"embeddable":true,"href":"https:\/\/eldiariodesanpedro.com.ar\/sitio\/wp-json\/wp\/v2\/users\/4"}],"replies":[{"embeddable":true,"href":"https:\/\/eldiariodesanpedro.com.ar\/sitio\/wp-json\/wp\/v2\/comments?post=33759"}],"version-history":[{"count":1,"href":"https:\/\/eldiariodesanpedro.com.ar\/sitio\/wp-json\/wp\/v2\/posts\/33759\/revisions"}],"predecessor-version":[{"id":33761,"href":"https:\/\/eldiariodesanpedro.com.ar\/sitio\/wp-json\/wp\/v2\/posts\/33759\/revisions\/33761"}],"wp:featuredmedia":[{"embeddable":true,"href":"https:\/\/eldiariodesanpedro.com.ar\/sitio\/wp-json\/wp\/v2\/media\/19583"}],"wp:attachment":[{"href":"https:\/\/eldiariodesanpedro.com.ar\/sitio\/wp-json\/wp\/v2\/media?parent=33759"}],"wp:term":[{"taxonomy":"category","embeddable":true,"href":"https:\/\/eldiariodesanpedro.com.ar\/sitio\/wp-json\/wp\/v2\/categories?post=33759"},{"taxonomy":"post_tag","embeddable":true,"href":"https:\/\/eldiariodesanpedro.com.ar\/sitio\/wp-json\/wp\/v2\/tags?post=33759"}],"curies":[{"name":"wp","href":"https:\/\/api.w.org\/{rel}","templated":true}]}}