{"id":33753,"date":"2018-05-27T20:46:44","date_gmt":"2018-05-27T23:46:44","guid":{"rendered":"https:\/\/eldiariodesanpedro.com.ar\/sitio\/?p=33753"},"modified":"2018-05-27T20:46:44","modified_gmt":"2018-05-27T23:46:44","slug":"entrenamiento-de-la-armada-y-gendarmeria-en-el-aeroclub","status":"publish","type":"post","link":"https:\/\/eldiariodesanpedro.com.ar\/sitio\/entrenamiento-de-la-armada-y-gendarmeria-en-el-aeroclub\/","title":{"rendered":"Entrenamiento de la Armada y Gendarmer\u00eda en el Aeroclub"},"content":{"rendered":"<p><!-- VideographyWP Plugin Message: Automatic video embedding prevented by plugin options. --><br \/>\nEfectivos de ambas fuerzas participaron de las actividades de paracaidismo en el campo de la entidad sampedrina. Los ejercicios se podr\u00edan repetir con periodicidad.<\/p>\n<p>  Durante la ma\u00f1ana y parte de la tarde del mi\u00e9rcoles pasado, efectivos de las Fuerzas Armadas y Gendarmer\u00eda Nacional, efectuaron tareas de entrenamiento en las instalaciones del Aeroclub San Pedro.<br \/>\n  Unos 25 efectivos de ambas fuerzas entrenaron por primera vez en nuestra ciudad bajo la supervisi\u00f3n del Ej\u00e9rcito. Se efectuaron ejercicios de paracaidismo con grupos de avanzada.<\/p>\n<p>  Seg\u00fan expresaron en el lugar las autoridades a cargo de las tareas, destacaron al lugar como un potencial enorme para que sea la sede de otras actividades para futuros ensayos.<\/p>\n<p>Fuente: San Pedro Informa<\/p>\n","protected":false},"excerpt":{"rendered":"<p>Efectivos de ambas fuerzas participaron de las actividades de paracaidismo en el campo de la entidad sampedrina. Los ejercicios se podr\u00edan repetir con periodicidad. Durante la ma\u00f1ana y parte de la tarde del mi\u00e9rcoles pasado, efectivos de las Fuerzas Armadas y Gendarmer\u00eda Nacional, efectuaron tareas de entrenamiento en las instalaciones del Aeroclub San Pedro. Unos [&hellip;]<\/p>\n","protected":false},"author":4,"featured_media":33755,"comment_status":"open","ping_status":"closed","sticky":false,"template":"","format":"standard","meta":{"om_disable_all_campaigns":false,"_jetpack_memberships_contains_paid_content":false,"footnotes":""},"categories":[101,2],"tags":[],"class_list":["post-33753","post","type-post","status-publish","format-standard","has-post-thumbnail","hentry","category-interes-general-locales","category-locales"],"aioseo_notices":[],"gutentor_comment":0,"jetpack_featured_media_url":"https:\/\/eldiariodesanpedro.com.ar\/sitio\/wp-content\/uploads\/2018\/05\/armada-argentina.jpg","jetpack_shortlink":"https:\/\/wp.me\/p6RhLt-8Mp","jetpack_sharing_enabled":true,"_links":{"self":[{"href":"https:\/\/eldiariodesanpedro.com.ar\/sitio\/wp-json\/wp\/v2\/posts\/33753","targetHints":{"allow":["GET"]}}],"collection":[{"href":"https:\/\/eldiariodesanpedro.com.ar\/sitio\/wp-json\/wp\/v2\/posts"}],"about":[{"href":"https:\/\/eldiariodesanpedro.com.ar\/sitio\/wp-json\/wp\/v2\/types\/post"}],"author":[{"embeddable":true,"href":"https:\/\/eldiariodesanpedro.com.ar\/sitio\/wp-json\/wp\/v2\/users\/4"}],"replies":[{"embeddable":true,"href":"https:\/\/eldiariodesanpedro.com.ar\/sitio\/wp-json\/wp\/v2\/comments?post=33753"}],"version-history":[{"count":1,"href":"https:\/\/eldiariodesanpedro.com.ar\/sitio\/wp-json\/wp\/v2\/posts\/33753\/revisions"}],"predecessor-version":[{"id":33758,"href":"https:\/\/eldiariodesanpedro.com.ar\/sitio\/wp-json\/wp\/v2\/posts\/33753\/revisions\/33758"}],"wp:featuredmedia":[{"embeddable":true,"href":"https:\/\/eldiariodesanpedro.com.ar\/sitio\/wp-json\/wp\/v2\/media\/33755"}],"wp:attachment":[{"href":"https:\/\/eldiariodesanpedro.com.ar\/sitio\/wp-json\/wp\/v2\/media?parent=33753"}],"wp:term":[{"taxonomy":"category","embeddable":true,"href":"https:\/\/eldiariodesanpedro.com.ar\/sitio\/wp-json\/wp\/v2\/categories?post=33753"},{"taxonomy":"post_tag","embeddable":true,"href":"https:\/\/eldiariodesanpedro.com.ar\/sitio\/wp-json\/wp\/v2\/tags?post=33753"}],"curies":[{"name":"wp","href":"https:\/\/api.w.org\/{rel}","templated":true}]}}