{"id":33751,"date":"2018-05-27T20:46:32","date_gmt":"2018-05-27T23:46:32","guid":{"rendered":"https:\/\/eldiariodesanpedro.com.ar\/sitio\/?p=33751"},"modified":"2018-05-27T20:46:32","modified_gmt":"2018-05-27T23:46:32","slug":"mercedes-vellon-fue-designada-jefa-distrital-de-educacion","status":"publish","type":"post","link":"https:\/\/eldiariodesanpedro.com.ar\/sitio\/mercedes-vellon-fue-designada-jefa-distrital-de-educacion\/","title":{"rendered":"Mercedes Vell\u00f3n fue designada Jefa Distrital de Educaci\u00f3n"},"content":{"rendered":"<p><!-- VideographyWP Plugin Message: Automatic video embedding prevented by plugin options. --><br \/>\nLa profesora de Educaci\u00f3n F\u00edsica asumi\u00f3 el cargo que hab\u00eda quedado vacante tras la salida de Eleonora Taurizano. <\/p>\n<p>  Por decisi\u00f3n de la Direcci\u00f3n General de Cultura y Educaci\u00f3n de la Provincia de Buenos Aires la profesora Mercedes Vell\u00f3n fue designada nueva Jefa Distrital de Inspecci\u00f3n de Educaci\u00f3n.<\/p>\n<p>  La flamante funcionaria cuenta con una vasta trayectoria como militante pol\u00edtica y, desde que el cargo qued\u00f3 vacante, su nombre fue uno de los primeros en asomar como posible reemplazante de Eleonora Taurizano.<\/p>\n<p>  Vell\u00f3n se ven\u00eda desempe\u00f1ando como Inspectora de Educaci\u00f3n F\u00edsica y ya est\u00e1 en funciones oficialmente luego de que la jefatura permaneciera sin responsable desde la salida de la funcionaria anterior hace unos tres meses.   <\/p>\n<p>Fuente: San Pedro Informa<\/p>\n","protected":false},"excerpt":{"rendered":"<p>La profesora de Educaci\u00f3n F\u00edsica asumi\u00f3 el cargo que hab\u00eda quedado vacante tras la salida de Eleonora Taurizano. Por decisi\u00f3n de la Direcci\u00f3n General de Cultura y Educaci\u00f3n de la Provincia de Buenos Aires la profesora Mercedes Vell\u00f3n fue designada nueva Jefa Distrital de Inspecci\u00f3n de Educaci\u00f3n. La flamante funcionaria cuenta con una vasta trayectoria [&hellip;]<\/p>\n","protected":false},"author":4,"featured_media":33752,"comment_status":"open","ping_status":"closed","sticky":false,"template":"","format":"standard","meta":{"om_disable_all_campaigns":false,"_jetpack_memberships_contains_paid_content":false,"footnotes":""},"categories":[101,2],"tags":[],"class_list":["post-33751","post","type-post","status-publish","format-standard","has-post-thumbnail","hentry","category-interes-general-locales","category-locales"],"aioseo_notices":[],"gutentor_comment":0,"jetpack_featured_media_url":"https:\/\/eldiariodesanpedro.com.ar\/sitio\/wp-content\/uploads\/2018\/05\/Mercedes-Vell\u00f3n-nueva-Jefa-Distrital-de-Inspecci\u00f3n-de-Educaci\u00f3n-.jpg","jetpack_shortlink":"https:\/\/wp.me\/p6RhLt-8Mn","jetpack_sharing_enabled":true,"_links":{"self":[{"href":"https:\/\/eldiariodesanpedro.com.ar\/sitio\/wp-json\/wp\/v2\/posts\/33751","targetHints":{"allow":["GET"]}}],"collection":[{"href":"https:\/\/eldiariodesanpedro.com.ar\/sitio\/wp-json\/wp\/v2\/posts"}],"about":[{"href":"https:\/\/eldiariodesanpedro.com.ar\/sitio\/wp-json\/wp\/v2\/types\/post"}],"author":[{"embeddable":true,"href":"https:\/\/eldiariodesanpedro.com.ar\/sitio\/wp-json\/wp\/v2\/users\/4"}],"replies":[{"embeddable":true,"href":"https:\/\/eldiariodesanpedro.com.ar\/sitio\/wp-json\/wp\/v2\/comments?post=33751"}],"version-history":[{"count":1,"href":"https:\/\/eldiariodesanpedro.com.ar\/sitio\/wp-json\/wp\/v2\/posts\/33751\/revisions"}],"predecessor-version":[{"id":33757,"href":"https:\/\/eldiariodesanpedro.com.ar\/sitio\/wp-json\/wp\/v2\/posts\/33751\/revisions\/33757"}],"wp:featuredmedia":[{"embeddable":true,"href":"https:\/\/eldiariodesanpedro.com.ar\/sitio\/wp-json\/wp\/v2\/media\/33752"}],"wp:attachment":[{"href":"https:\/\/eldiariodesanpedro.com.ar\/sitio\/wp-json\/wp\/v2\/media?parent=33751"}],"wp:term":[{"taxonomy":"category","embeddable":true,"href":"https:\/\/eldiariodesanpedro.com.ar\/sitio\/wp-json\/wp\/v2\/categories?post=33751"},{"taxonomy":"post_tag","embeddable":true,"href":"https:\/\/eldiariodesanpedro.com.ar\/sitio\/wp-json\/wp\/v2\/tags?post=33751"}],"curies":[{"name":"wp","href":"https:\/\/api.w.org\/{rel}","templated":true}]}}