{"id":33750,"date":"2018-05-27T20:43:44","date_gmt":"2018-05-27T23:43:44","guid":{"rendered":"https:\/\/eldiariodesanpedro.com.ar\/sitio\/?p=33750"},"modified":"2018-05-27T20:43:44","modified_gmt":"2018-05-27T23:43:44","slug":"herramientas-para-la-venta-creativa","status":"publish","type":"post","link":"https:\/\/eldiariodesanpedro.com.ar\/sitio\/herramientas-para-la-venta-creativa\/","title":{"rendered":"Herramientas para la venta creativa"},"content":{"rendered":"<p><!-- VideographyWP Plugin Message: Automatic video embedding prevented by plugin options. --><br \/>\nEl Centro de Comercio, Industria y Turismo de San Pedro brinda el pr\u00f3ximo mi\u00e9rcoles 30 de mayo una nueva capacitaci\u00f3n para el sector, con el eje puesto en la venta. La entrada es libre y gratuita, pero requiere inscripci\u00f3n.<\/p>\n<p>  Nuevamente de la mano de la C\u00e1mara Argentina de Comercio, la instituci\u00f3n local ofrece un espacio enfocado para gerentes, jefes, encargados, empleados y para todas aquellas personas que entiendan la necesidad de incorporar t\u00e9cnicas de ventas en su desarrollo profesional. Esta vez el eje estar\u00e1 puesto en la venta y estar\u00e1 a cargo de la Licenciada Ver\u00f3nica Bou\u00e9, Coach Certificada de la Escuela Latinoamericana de Coaching.<\/p>\n<p>  La din\u00e1mica de los mercados y su alta competitividad refuerzan la necesidad del desarrollo de una fuerza de venta capaz de enfrentarlas. Para ello es preciso entender las demandas que se presentan en los intercambios comerciales tienen su origen en la naturaleza del hombre. Boue ayudar\u00e1 a identificar esas oportunidades y detectar las demandas simb\u00f3licas, a fin de mejorar las habilidades propias de un profesional de ventas.<\/p>\n<p>  El encuentro trabajar\u00e1 con tres objetivos: identificar oportunidades de ventas en la demanda simb\u00f3lica, reconocer la necesidad de argumentar eficazmente sobre el objeto ausente y ratificar la necesidad de utilizar herramientas que permitan prever y superar objeciones, cerrar ventas y realizar tareas de seguimiento y recreaci\u00f3n de clientes. El programa incluye respuestas a las preguntas: \u00bfQu\u00e9 es vender? \u00bfQui\u00e9n vende? \u00bfA qui\u00e9n vendemos? \u00bfQu\u00e9 vendemos? \u00bfD\u00f3nde vendemos? \u00bfC\u00f3mo vendemos? <\/p>\n<p>  Adem\u00e1s, se trabajar\u00e1 en prospecci\u00f3n previa y apertura, identificaci\u00f3n de necesidades y deseos de la demanda, argumentaci\u00f3n y manejo de objeciones y seguimiento de la venta recreaci\u00f3n de clientes.<\/p>\n<p>  El encuentro ser\u00e1 en nuestra entidad, el mi\u00e9rcoles 30 de mayo de 20 a 23 hs. Los interesados deben inscribirse enviando un email a centrodecomerciosp@arnetbiz.com.ar o, llamando telef\u00f3nicamente al (03329) 423386 y 425266.<\/p>\n","protected":false},"excerpt":{"rendered":"<p>El Centro de Comercio, Industria y Turismo de San Pedro brinda el pr\u00f3ximo mi\u00e9rcoles 30 de mayo una nueva capacitaci\u00f3n para el sector, con el eje puesto en la venta. La entrada es libre y gratuita, pero requiere inscripci\u00f3n. Nuevamente de la mano de la C\u00e1mara Argentina de Comercio, la instituci\u00f3n local ofrece un espacio [&hellip;]<\/p>\n","protected":false},"author":4,"featured_media":32119,"comment_status":"open","ping_status":"closed","sticky":false,"template":"","format":"standard","meta":{"om_disable_all_campaigns":false,"_jetpack_memberships_contains_paid_content":false,"footnotes":""},"categories":[101,2],"tags":[],"class_list":["post-33750","post","type-post","status-publish","format-standard","has-post-thumbnail","hentry","category-interes-general-locales","category-locales"],"aioseo_notices":[],"gutentor_comment":0,"jetpack_featured_media_url":"https:\/\/eldiariodesanpedro.com.ar\/sitio\/wp-content\/uploads\/2018\/04\/centro-de-comercio-e-industria-san-pedro.jpg","jetpack_shortlink":"https:\/\/wp.me\/p6RhLt-8Mm","jetpack_sharing_enabled":true,"_links":{"self":[{"href":"https:\/\/eldiariodesanpedro.com.ar\/sitio\/wp-json\/wp\/v2\/posts\/33750","targetHints":{"allow":["GET"]}}],"collection":[{"href":"https:\/\/eldiariodesanpedro.com.ar\/sitio\/wp-json\/wp\/v2\/posts"}],"about":[{"href":"https:\/\/eldiariodesanpedro.com.ar\/sitio\/wp-json\/wp\/v2\/types\/post"}],"author":[{"embeddable":true,"href":"https:\/\/eldiariodesanpedro.com.ar\/sitio\/wp-json\/wp\/v2\/users\/4"}],"replies":[{"embeddable":true,"href":"https:\/\/eldiariodesanpedro.com.ar\/sitio\/wp-json\/wp\/v2\/comments?post=33750"}],"version-history":[{"count":2,"href":"https:\/\/eldiariodesanpedro.com.ar\/sitio\/wp-json\/wp\/v2\/posts\/33750\/revisions"}],"predecessor-version":[{"id":33756,"href":"https:\/\/eldiariodesanpedro.com.ar\/sitio\/wp-json\/wp\/v2\/posts\/33750\/revisions\/33756"}],"wp:featuredmedia":[{"embeddable":true,"href":"https:\/\/eldiariodesanpedro.com.ar\/sitio\/wp-json\/wp\/v2\/media\/32119"}],"wp:attachment":[{"href":"https:\/\/eldiariodesanpedro.com.ar\/sitio\/wp-json\/wp\/v2\/media?parent=33750"}],"wp:term":[{"taxonomy":"category","embeddable":true,"href":"https:\/\/eldiariodesanpedro.com.ar\/sitio\/wp-json\/wp\/v2\/categories?post=33750"},{"taxonomy":"post_tag","embeddable":true,"href":"https:\/\/eldiariodesanpedro.com.ar\/sitio\/wp-json\/wp\/v2\/tags?post=33750"}],"curies":[{"name":"wp","href":"https:\/\/api.w.org\/{rel}","templated":true}]}}