{"id":33742,"date":"2018-05-27T20:23:20","date_gmt":"2018-05-27T23:23:20","guid":{"rendered":"https:\/\/eldiariodesanpedro.com.ar\/sitio\/?p=33742"},"modified":"2018-05-27T20:23:20","modified_gmt":"2018-05-27T23:23:20","slug":"delincuentes-robaron-una-moto-y-fueron-aprehendidos-momentos-despues","status":"publish","type":"post","link":"https:\/\/eldiariodesanpedro.com.ar\/sitio\/delincuentes-robaron-una-moto-y-fueron-aprehendidos-momentos-despues\/","title":{"rendered":"Delincuentes robaron una moto y fueron aprehendidos momentos despu\u00e9s"},"content":{"rendered":"<p><!-- VideographyWP Plugin Message: Automatic video embedding prevented by plugin options. --><br \/>\nDos delincuentes amenazaron a un motociclista con un arma de fuego y se llevaron su moto. Momentos despu\u00e9s, fueron aprehendidos por personal del Destacamento de La Tosquera, de R\u00edo Tala y de Comisar\u00eda San Pedro.<\/p>\n<p>  El hecho ocurri\u00f3 cuando el joven que se encontraba a bordo de su motocicleta en calle Alte. Brown y Pellegrini, all\u00ed fue interceptado por dos delincuentes, quienes mediante amenazas con un arma de fuego lograron sustraerle la moto y darse a la fuga en el veh\u00edculo.<\/p>\n<p>  Momentos despu\u00e9s, a la altura del acceso a Papel Prensa, en el barrio La Tosquera, personal policial del Destacamento de ese barrio, de R\u00edo Tala y de la Comisar\u00eda de San Pedro lograron la aprehensi\u00f3n de estos dos individuos que circulaban en la motocicleta robada.<br \/>\n  Interviene en el hecho la UFI del Joven.<\/p>\n","protected":false},"excerpt":{"rendered":"<p>Dos delincuentes amenazaron a un motociclista con un arma de fuego y se llevaron su moto. Momentos despu\u00e9s, fueron aprehendidos por personal del Destacamento de La Tosquera, de R\u00edo Tala y de Comisar\u00eda San Pedro. El hecho ocurri\u00f3 cuando el joven que se encontraba a bordo de su motocicleta en calle Alte. Brown y Pellegrini, [&hellip;]<\/p>\n","protected":false},"author":4,"featured_media":30123,"comment_status":"open","ping_status":"closed","sticky":false,"template":"","format":"standard","meta":{"om_disable_all_campaigns":false,"_jetpack_memberships_contains_paid_content":false,"footnotes":""},"categories":[2,103],"tags":[],"class_list":["post-33742","post","type-post","status-publish","format-standard","has-post-thumbnail","hentry","category-locales","category-policiales-locales"],"aioseo_notices":[],"gutentor_comment":0,"jetpack_featured_media_url":"https:\/\/eldiariodesanpedro.com.ar\/sitio\/wp-content\/uploads\/2018\/03\/pareja-detenidos.jpg","jetpack_shortlink":"https:\/\/wp.me\/p6RhLt-8Me","jetpack_sharing_enabled":true,"_links":{"self":[{"href":"https:\/\/eldiariodesanpedro.com.ar\/sitio\/wp-json\/wp\/v2\/posts\/33742","targetHints":{"allow":["GET"]}}],"collection":[{"href":"https:\/\/eldiariodesanpedro.com.ar\/sitio\/wp-json\/wp\/v2\/posts"}],"about":[{"href":"https:\/\/eldiariodesanpedro.com.ar\/sitio\/wp-json\/wp\/v2\/types\/post"}],"author":[{"embeddable":true,"href":"https:\/\/eldiariodesanpedro.com.ar\/sitio\/wp-json\/wp\/v2\/users\/4"}],"replies":[{"embeddable":true,"href":"https:\/\/eldiariodesanpedro.com.ar\/sitio\/wp-json\/wp\/v2\/comments?post=33742"}],"version-history":[{"count":1,"href":"https:\/\/eldiariodesanpedro.com.ar\/sitio\/wp-json\/wp\/v2\/posts\/33742\/revisions"}],"predecessor-version":[{"id":33747,"href":"https:\/\/eldiariodesanpedro.com.ar\/sitio\/wp-json\/wp\/v2\/posts\/33742\/revisions\/33747"}],"wp:featuredmedia":[{"embeddable":true,"href":"https:\/\/eldiariodesanpedro.com.ar\/sitio\/wp-json\/wp\/v2\/media\/30123"}],"wp:attachment":[{"href":"https:\/\/eldiariodesanpedro.com.ar\/sitio\/wp-json\/wp\/v2\/media?parent=33742"}],"wp:term":[{"taxonomy":"category","embeddable":true,"href":"https:\/\/eldiariodesanpedro.com.ar\/sitio\/wp-json\/wp\/v2\/categories?post=33742"},{"taxonomy":"post_tag","embeddable":true,"href":"https:\/\/eldiariodesanpedro.com.ar\/sitio\/wp-json\/wp\/v2\/tags?post=33742"}],"curies":[{"name":"wp","href":"https:\/\/api.w.org\/{rel}","templated":true}]}}