{"id":33741,"date":"2018-05-27T20:22:07","date_gmt":"2018-05-27T23:22:07","guid":{"rendered":"https:\/\/eldiariodesanpedro.com.ar\/sitio\/?p=33741"},"modified":"2018-05-27T20:22:07","modified_gmt":"2018-05-27T23:22:07","slug":"ingresaron-a-una-vivienda-y-amenazaron-a-su-duena-con-un-arma-blanca","status":"publish","type":"post","link":"https:\/\/eldiariodesanpedro.com.ar\/sitio\/ingresaron-a-una-vivienda-y-amenazaron-a-su-duena-con-un-arma-blanca\/","title":{"rendered":"Ingresaron a una vivienda y amenazaron a su due\u00f1a con un arma blanca"},"content":{"rendered":"<p><!-- VideographyWP Plugin Message: Automatic video embedding prevented by plugin options. --><br \/>\nCuatro delincuentes ingresaron al interior de una vivienda y, amenazando con un arma blanca a la propietaria y su nieto, lograron llevarse dinero en efectivo. Uno de los delincuentes fue aprehendido.<\/p>\n<p>  El jueves pasado a la madrugada, una se\u00f1ora de 68 a\u00f1os y su nieto de 25 fueron sorprendidos por cuatro delincuentes que ingresaron a su domicilio ubicado sobre calle Saavedra al 1320.<\/p>\n<p>  Los malhechores los amenazaron con un arma blanca y, luego de apropiarse del dinero, se dieron a la fuga.<br \/>\n  La polic\u00eda logr\u00f3 aprehender a uno de los malvivientes, de tan solo 19 a\u00f1os.<\/p>\n<p>  La Fiscal\u00eda N\u00b0 5 a cargo del Dr. Manso es la interviniente.<\/p>\n","protected":false},"excerpt":{"rendered":"<p>Cuatro delincuentes ingresaron al interior de una vivienda y, amenazando con un arma blanca a la propietaria y su nieto, lograron llevarse dinero en efectivo. Uno de los delincuentes fue aprehendido. El jueves pasado a la madrugada, una se\u00f1ora de 68 a\u00f1os y su nieto de 25 fueron sorprendidos por cuatro delincuentes que ingresaron a [&hellip;]<\/p>\n","protected":false},"author":4,"featured_media":24562,"comment_status":"open","ping_status":"closed","sticky":false,"template":"","format":"standard","meta":{"om_disable_all_campaigns":false,"_jetpack_memberships_contains_paid_content":false,"footnotes":""},"categories":[2,103],"tags":[],"class_list":["post-33741","post","type-post","status-publish","format-standard","has-post-thumbnail","hentry","category-locales","category-policiales-locales"],"aioseo_notices":[],"gutentor_comment":0,"jetpack_featured_media_url":"https:\/\/eldiariodesanpedro.com.ar\/sitio\/wp-content\/uploads\/2017\/10\/policia-patrulla-noche.jpg","jetpack_shortlink":"https:\/\/wp.me\/p6RhLt-8Md","jetpack_sharing_enabled":true,"_links":{"self":[{"href":"https:\/\/eldiariodesanpedro.com.ar\/sitio\/wp-json\/wp\/v2\/posts\/33741","targetHints":{"allow":["GET"]}}],"collection":[{"href":"https:\/\/eldiariodesanpedro.com.ar\/sitio\/wp-json\/wp\/v2\/posts"}],"about":[{"href":"https:\/\/eldiariodesanpedro.com.ar\/sitio\/wp-json\/wp\/v2\/types\/post"}],"author":[{"embeddable":true,"href":"https:\/\/eldiariodesanpedro.com.ar\/sitio\/wp-json\/wp\/v2\/users\/4"}],"replies":[{"embeddable":true,"href":"https:\/\/eldiariodesanpedro.com.ar\/sitio\/wp-json\/wp\/v2\/comments?post=33741"}],"version-history":[{"count":2,"href":"https:\/\/eldiariodesanpedro.com.ar\/sitio\/wp-json\/wp\/v2\/posts\/33741\/revisions"}],"predecessor-version":[{"id":33748,"href":"https:\/\/eldiariodesanpedro.com.ar\/sitio\/wp-json\/wp\/v2\/posts\/33741\/revisions\/33748"}],"wp:featuredmedia":[{"embeddable":true,"href":"https:\/\/eldiariodesanpedro.com.ar\/sitio\/wp-json\/wp\/v2\/media\/24562"}],"wp:attachment":[{"href":"https:\/\/eldiariodesanpedro.com.ar\/sitio\/wp-json\/wp\/v2\/media?parent=33741"}],"wp:term":[{"taxonomy":"category","embeddable":true,"href":"https:\/\/eldiariodesanpedro.com.ar\/sitio\/wp-json\/wp\/v2\/categories?post=33741"},{"taxonomy":"post_tag","embeddable":true,"href":"https:\/\/eldiariodesanpedro.com.ar\/sitio\/wp-json\/wp\/v2\/tags?post=33741"}],"curies":[{"name":"wp","href":"https:\/\/api.w.org\/{rel}","templated":true}]}}