{"id":33740,"date":"2018-05-27T20:22:02","date_gmt":"2018-05-27T23:22:02","guid":{"rendered":"https:\/\/eldiariodesanpedro.com.ar\/sitio\/?p=33740"},"modified":"2018-05-27T20:22:02","modified_gmt":"2018-05-27T23:22:02","slug":"se-pudo-recuperar-una-moto-que-habia-sido-robada-dias-atras","status":"publish","type":"post","link":"https:\/\/eldiariodesanpedro.com.ar\/sitio\/se-pudo-recuperar-una-moto-que-habia-sido-robada-dias-atras\/","title":{"rendered":"Se pudo recuperar una moto que hab\u00eda sido robada d\u00edas atr\u00e1s"},"content":{"rendered":"<p><!-- VideographyWP Plugin Message: Automatic video embedding prevented by plugin options. --><br \/>\n  El jueves se realiz\u00f3 un allanamiento en un domicilio ubicado sobre 21 Bis, entre calles Liniers y Quiroga, donde se secuestr\u00f3 una motocicleta Zanella ZB 110 que hab\u00eda sido robada el 21 de mayo pasado.<\/p>\n<p>  El veh\u00edculo fue trasladado a la Comisar\u00eda y, una joven de 21 a\u00f1os que se encontraba en el lugar y el momento del allanamiento, result\u00f3 aprehendida.  Fue notificada de las actuaciones realizadas por el delito de Hurto.<br \/>\n  Intervino en el hecho la UFI N\u00b0 5.<\/p>\n","protected":false},"excerpt":{"rendered":"<p>El jueves se realiz\u00f3 un allanamiento en un domicilio ubicado sobre 21 Bis, entre calles Liniers y Quiroga, donde se secuestr\u00f3 una motocicleta Zanella ZB 110 que hab\u00eda sido robada el 21 de mayo pasado. El veh\u00edculo fue trasladado a la Comisar\u00eda y, una joven de 21 a\u00f1os que se encontraba en el lugar y [&hellip;]<\/p>\n","protected":false},"author":4,"featured_media":16985,"comment_status":"open","ping_status":"closed","sticky":false,"template":"","format":"standard","meta":{"om_disable_all_campaigns":false,"_jetpack_memberships_contains_paid_content":false,"footnotes":""},"categories":[2,103],"tags":[],"class_list":["post-33740","post","type-post","status-publish","format-standard","has-post-thumbnail","hentry","category-locales","category-policiales-locales"],"aioseo_notices":[],"gutentor_comment":0,"jetpack_featured_media_url":"https:\/\/eldiariodesanpedro.com.ar\/sitio\/wp-content\/uploads\/2017\/04\/DSC_0218-e1491428995946.jpg","jetpack_shortlink":"https:\/\/wp.me\/p6RhLt-8Mc","jetpack_sharing_enabled":true,"_links":{"self":[{"href":"https:\/\/eldiariodesanpedro.com.ar\/sitio\/wp-json\/wp\/v2\/posts\/33740","targetHints":{"allow":["GET"]}}],"collection":[{"href":"https:\/\/eldiariodesanpedro.com.ar\/sitio\/wp-json\/wp\/v2\/posts"}],"about":[{"href":"https:\/\/eldiariodesanpedro.com.ar\/sitio\/wp-json\/wp\/v2\/types\/post"}],"author":[{"embeddable":true,"href":"https:\/\/eldiariodesanpedro.com.ar\/sitio\/wp-json\/wp\/v2\/users\/4"}],"replies":[{"embeddable":true,"href":"https:\/\/eldiariodesanpedro.com.ar\/sitio\/wp-json\/wp\/v2\/comments?post=33740"}],"version-history":[{"count":2,"href":"https:\/\/eldiariodesanpedro.com.ar\/sitio\/wp-json\/wp\/v2\/posts\/33740\/revisions"}],"predecessor-version":[{"id":33749,"href":"https:\/\/eldiariodesanpedro.com.ar\/sitio\/wp-json\/wp\/v2\/posts\/33740\/revisions\/33749"}],"wp:featuredmedia":[{"embeddable":true,"href":"https:\/\/eldiariodesanpedro.com.ar\/sitio\/wp-json\/wp\/v2\/media\/16985"}],"wp:attachment":[{"href":"https:\/\/eldiariodesanpedro.com.ar\/sitio\/wp-json\/wp\/v2\/media?parent=33740"}],"wp:term":[{"taxonomy":"category","embeddable":true,"href":"https:\/\/eldiariodesanpedro.com.ar\/sitio\/wp-json\/wp\/v2\/categories?post=33740"},{"taxonomy":"post_tag","embeddable":true,"href":"https:\/\/eldiariodesanpedro.com.ar\/sitio\/wp-json\/wp\/v2\/tags?post=33740"}],"curies":[{"name":"wp","href":"https:\/\/api.w.org\/{rel}","templated":true}]}}