{"id":33739,"date":"2018-05-27T20:22:00","date_gmt":"2018-05-27T23:22:00","guid":{"rendered":"https:\/\/eldiariodesanpedro.com.ar\/sitio\/?p=33739"},"modified":"2018-05-27T20:22:00","modified_gmt":"2018-05-27T23:22:00","slug":"balearon-la-casa-de-alexis-sanchez-e-hirieron-a-su-mama","status":"publish","type":"post","link":"https:\/\/eldiariodesanpedro.com.ar\/sitio\/balearon-la-casa-de-alexis-sanchez-e-hirieron-a-su-mama\/","title":{"rendered":"Balearon la casa de Alexis S\u00e1nchez e hirieron a su mam\u00e1"},"content":{"rendered":"<p><!-- VideographyWP Plugin Message: Automatic video embedding prevented by plugin options. --><br \/>\nEl hecho ocurri\u00f3 en el Barrio 104 viviendas en la noche del jueves. Una persona de 18 a\u00f1os efectu\u00f3 disparos con un arma de fuego hacia la vivienda de la familia del joven apu\u00f1alado el pasado s\u00e1bado, Alexis.<\/p>\n<p>  Los disparos fueron efectuados desde el sector de la plaza del barrio hacia la vivienda ubicada en el pasillo que desemboca en la calle Aul\u00ed. En ella se encontraban la madre de Alexis, M\u00f3nica, con sus dos hijos, ambos menores de 16 a\u00f1os. Los perdigones alcanzaron a M\u00f3nica, provoc\u00e1ndole lesiones leves.<\/p>\n<p>  Personal Policial logr\u00f3 la aprehensi\u00f3n del joven de 18 a\u00f1os, vinculado directamente a la agresi\u00f3n sufrida por Alexis el fin de semana pasado. Ser\u00eda uno de los autores que no hab\u00eda sido a\u00fan detenido por el hecho.<\/p>\n<p>  Alexis S\u00e1nchez fue apu\u00f1alado dos veces con un arma blanca el pasado fin de semana afuera del Club Banfield, ubicado en el barrio 104 Viviendas. \u00c9l a\u00fan se encuentra en grave estado, las heridas fueron provocadas en la zona de la yugular y en el pulm\u00f3n.<\/p>\n<p>  Por el hecho la Polic\u00eda logr\u00f3 arrestar en ese momento a Tomy Casas de 19 a\u00f1os, quien ya cuenta con frondosos antecedentes. Al momento de la aprehensi\u00f3n ten\u00eda entre sus prendas un cartucho intacto calibre 20. Adem\u00e1s, fueron aprehendidos \u2018pur\u00e9\u2019 Monz\u00f3n que ten\u00eda un cuchillo y un proyectil del mismo calibre que el de Casas y, Julio Hermida que se encontraba a escasa distancia del lugar. Los dos sujetos de 21 y 20 a\u00f1os respectivamente son conocidos delincuentes que, as\u00ed como Casas, cuentan con antecedentes penales.<\/p>\n<p>  Los aprehendidos permanecen alojados en la Comisar\u00eda. Interviene en el hecho la UFI N\u00b0 5 a cargo del Dr. Manso.<br \/>\n  Se espera que, ante la gravedad de los hechos, el Juzgado de Garant\u00edas de San Nicol\u00e1s mantenga detenidos a estos delincuentes con antecedentes y autores de interminables hechos il\u00edcitos en nuestra ciudad.<\/p>\n","protected":false},"excerpt":{"rendered":"<p>El hecho ocurri\u00f3 en el Barrio 104 viviendas en la noche del jueves. Una persona de 18 a\u00f1os efectu\u00f3 disparos con un arma de fuego hacia la vivienda de la familia del joven apu\u00f1alado el pasado s\u00e1bado, Alexis. Los disparos fueron efectuados desde el sector de la plaza del barrio hacia la vivienda ubicada en [&hellip;]<\/p>\n","protected":false},"author":4,"featured_media":33743,"comment_status":"open","ping_status":"closed","sticky":false,"template":"","format":"standard","meta":{"om_disable_all_campaigns":false,"_jetpack_memberships_contains_paid_content":false,"footnotes":""},"categories":[2,103],"tags":[],"class_list":["post-33739","post","type-post","status-publish","format-standard","has-post-thumbnail","hentry","category-locales","category-policiales-locales"],"aioseo_notices":[],"gutentor_comment":0,"jetpack_featured_media_url":"https:\/\/eldiariodesanpedro.com.ar\/sitio\/wp-content\/uploads\/2018\/05\/La-casa-baleada.jpg","jetpack_shortlink":"https:\/\/wp.me\/p6RhLt-8Mb","jetpack_sharing_enabled":true,"_links":{"self":[{"href":"https:\/\/eldiariodesanpedro.com.ar\/sitio\/wp-json\/wp\/v2\/posts\/33739","targetHints":{"allow":["GET"]}}],"collection":[{"href":"https:\/\/eldiariodesanpedro.com.ar\/sitio\/wp-json\/wp\/v2\/posts"}],"about":[{"href":"https:\/\/eldiariodesanpedro.com.ar\/sitio\/wp-json\/wp\/v2\/types\/post"}],"author":[{"embeddable":true,"href":"https:\/\/eldiariodesanpedro.com.ar\/sitio\/wp-json\/wp\/v2\/users\/4"}],"replies":[{"embeddable":true,"href":"https:\/\/eldiariodesanpedro.com.ar\/sitio\/wp-json\/wp\/v2\/comments?post=33739"}],"version-history":[{"count":1,"href":"https:\/\/eldiariodesanpedro.com.ar\/sitio\/wp-json\/wp\/v2\/posts\/33739\/revisions"}],"predecessor-version":[{"id":33744,"href":"https:\/\/eldiariodesanpedro.com.ar\/sitio\/wp-json\/wp\/v2\/posts\/33739\/revisions\/33744"}],"wp:featuredmedia":[{"embeddable":true,"href":"https:\/\/eldiariodesanpedro.com.ar\/sitio\/wp-json\/wp\/v2\/media\/33743"}],"wp:attachment":[{"href":"https:\/\/eldiariodesanpedro.com.ar\/sitio\/wp-json\/wp\/v2\/media?parent=33739"}],"wp:term":[{"taxonomy":"category","embeddable":true,"href":"https:\/\/eldiariodesanpedro.com.ar\/sitio\/wp-json\/wp\/v2\/categories?post=33739"},{"taxonomy":"post_tag","embeddable":true,"href":"https:\/\/eldiariodesanpedro.com.ar\/sitio\/wp-json\/wp\/v2\/tags?post=33739"}],"curies":[{"name":"wp","href":"https:\/\/api.w.org\/{rel}","templated":true}]}}