{"id":33735,"date":"2018-05-27T19:31:48","date_gmt":"2018-05-27T22:31:48","guid":{"rendered":"https:\/\/eldiariodesanpedro.com.ar\/sitio\/?p=33735"},"modified":"2018-05-27T19:31:48","modified_gmt":"2018-05-27T22:31:48","slug":"ramallo-inauguracion-de-la-sede-del-gad","status":"publish","type":"post","link":"https:\/\/eldiariodesanpedro.com.ar\/sitio\/ramallo-inauguracion-de-la-sede-del-gad\/","title":{"rendered":"RAMALLO: Inauguraci\u00f3n de la Sede del GAD"},"content":{"rendered":"<p><!-- VideographyWP Plugin Message: Automatic video embedding prevented by plugin options. --><br \/>\n  Inauguraron en el Paseo \u201cViva el R\u00edo\u201d las instalaciones del Grupo de Apoyo Departamental (GAD) en Ramallo. Esta fuerza complementa al trabajo de la Polic\u00eda Comunal y prestar\u00e1 servicio en todo el distrito.<\/p>\n<p>  Estuvieron presentes el intendente Mauro Poletti; el subsecretario de Seguridad, Mart\u00edn Maidana; el jefe Departamental comisario Jorge Palacios; autoridades municipales y policiales, y fuerzas de seguridad.<\/p>\n<p>  Adem\u00e1s, se presentaron en sociedad los nuevos m\u00f3viles para Ramallo, una camioneta Dodge RAM para el GAD; y una Toxota Hilux para el Comando de Patrulla Rural. Ambos veh\u00edculos fueron gestionados por el intendente Poletti ante el ministro de Seguridad provincial, Cristian Ritondo.<\/p>\n<p>  \u201cEs importante para nosotros tener una base definitiva para el GAD, nos permite que esta fuerza est\u00e9 asentada en Ramallo. Nos va a brindar mayor seguridad y tranquilidad a esta zona costera. Para nosotros era prioritario que las fuerzas de seguridad tengan instalaciones propias para el funcionamiento\u201d, manifest\u00f3 Poletti.<\/p>\n<p>Fuente: Ramallo Ciudad<\/p>\n","protected":false},"excerpt":{"rendered":"<p>Inauguraron en el Paseo \u201cViva el R\u00edo\u201d las instalaciones del Grupo de Apoyo Departamental (GAD) en Ramallo. Esta fuerza complementa al trabajo de la Polic\u00eda Comunal y prestar\u00e1 servicio en todo el distrito. Estuvieron presentes el intendente Mauro Poletti; el subsecretario de Seguridad, Mart\u00edn Maidana; el jefe Departamental comisario Jorge Palacios; autoridades municipales y policiales, [&hellip;]<\/p>\n","protected":false},"author":4,"featured_media":33737,"comment_status":"open","ping_status":"closed","sticky":false,"template":"","format":"standard","meta":{"om_disable_all_campaigns":false,"_jetpack_memberships_contains_paid_content":false,"footnotes":""},"categories":[621],"tags":[],"class_list":["post-33735","post","type-post","status-publish","format-standard","has-post-thumbnail","hentry","category-regionales"],"aioseo_notices":[],"gutentor_comment":0,"jetpack_featured_media_url":"https:\/\/eldiariodesanpedro.com.ar\/sitio\/wp-content\/uploads\/2018\/05\/Inauguraci\u00f3n-de-la-Sede-del-GAD.jpg","jetpack_shortlink":"https:\/\/wp.me\/p6RhLt-8M7","jetpack_sharing_enabled":true,"_links":{"self":[{"href":"https:\/\/eldiariodesanpedro.com.ar\/sitio\/wp-json\/wp\/v2\/posts\/33735","targetHints":{"allow":["GET"]}}],"collection":[{"href":"https:\/\/eldiariodesanpedro.com.ar\/sitio\/wp-json\/wp\/v2\/posts"}],"about":[{"href":"https:\/\/eldiariodesanpedro.com.ar\/sitio\/wp-json\/wp\/v2\/types\/post"}],"author":[{"embeddable":true,"href":"https:\/\/eldiariodesanpedro.com.ar\/sitio\/wp-json\/wp\/v2\/users\/4"}],"replies":[{"embeddable":true,"href":"https:\/\/eldiariodesanpedro.com.ar\/sitio\/wp-json\/wp\/v2\/comments?post=33735"}],"version-history":[{"count":1,"href":"https:\/\/eldiariodesanpedro.com.ar\/sitio\/wp-json\/wp\/v2\/posts\/33735\/revisions"}],"predecessor-version":[{"id":33738,"href":"https:\/\/eldiariodesanpedro.com.ar\/sitio\/wp-json\/wp\/v2\/posts\/33735\/revisions\/33738"}],"wp:featuredmedia":[{"embeddable":true,"href":"https:\/\/eldiariodesanpedro.com.ar\/sitio\/wp-json\/wp\/v2\/media\/33737"}],"wp:attachment":[{"href":"https:\/\/eldiariodesanpedro.com.ar\/sitio\/wp-json\/wp\/v2\/media?parent=33735"}],"wp:term":[{"taxonomy":"category","embeddable":true,"href":"https:\/\/eldiariodesanpedro.com.ar\/sitio\/wp-json\/wp\/v2\/categories?post=33735"},{"taxonomy":"post_tag","embeddable":true,"href":"https:\/\/eldiariodesanpedro.com.ar\/sitio\/wp-json\/wp\/v2\/tags?post=33735"}],"curies":[{"name":"wp","href":"https:\/\/api.w.org\/{rel}","templated":true}]}}