{"id":33733,"date":"2018-05-27T19:30:44","date_gmt":"2018-05-27T22:30:44","guid":{"rendered":"https:\/\/eldiariodesanpedro.com.ar\/sitio\/?p=33733"},"modified":"2018-05-27T19:30:44","modified_gmt":"2018-05-27T22:30:44","slug":"zarate-detiene-ladrones-de-motos-que-enganaban-a-sus-victimas-a-traves-de-facebook","status":"publish","type":"post","link":"https:\/\/eldiariodesanpedro.com.ar\/sitio\/zarate-detiene-ladrones-de-motos-que-enganaban-a-sus-victimas-a-traves-de-facebook\/","title":{"rendered":"Z\u00c1RATE: Detiene ladrones de motos que enga\u00f1aban a sus v\u00edctimas a trav\u00e9s de Facebook"},"content":{"rendered":"<p><!-- VideographyWP Plugin Message: Automatic video embedding prevented by plugin options. --><br \/>\nA ra\u00edz de la creciente ola de robos de motocicletas, desde la Fiscal\u00eda de Z\u00e1rate, como tambi\u00e9n desde la Secretaria de Seguridad de la Municipalidad, se le encomend\u00f3 al personal de la Direcci\u00f3n Departamental de Investigaciones (DDI) Z\u00e1rate \u2013 Campana la tarea de llevar a cabo una amplia investigaci\u00f3n tendiente a dar con los autores de estos il\u00edcitos.<\/p>\n<p>  La investigaci\u00f3n se inicia por la denuncia de un vecino en la Fiscal\u00eda a cargo del Dr. Alberto Guti\u00e9rrez, que expone que, habiendo publicado la venta de su motocicleta en grupos de Facebook, fue contactado por una persona que lo cit\u00f3 para el 24 de abril pasado en la esquina de las calles Pacheco y Agust\u00edn \u00c1lvarez de Z\u00e1rate, mostr\u00e1ndose interesado en comprar el rodado, pero una vez que el vendedor arrib\u00f3 al sitio le fue sustra\u00edda la moto por dos sujetos armados.<\/p>\n<p>  Con la informaci\u00f3n aportada por la v\u00edctima, los detectives comienzan un exhaustivo an\u00e1lisis de perfiles de Facebook y tareas de campo que permite establecer la existencia de una banda que utilizando perfiles falsos de varones y mujeres, ofertaban comprar a personas que publicaban motocicletas y cuando los incautos oferentes concurr\u00edan al encuentro para exhibir los rodados, eran asaltados y despojados del veh\u00edculo.<\/p>\n<p>  Tambi\u00e9n se pudo establecer que esta organizaci\u00f3n estar\u00eda vinculada a robos de motos estacionadas en la v\u00eda p\u00fablica. Una de las caracter\u00edsticas principales era que cuando los damnificados publicaban en las redes sociales pidiendo por la recuperaci\u00f3n de los rodados, estos delincuentes los contactaban para solicitar dinero a cambio de la devoluci\u00f3n.<\/p>\n<p>  Avanzada la pesquisa, los investigadores lograron ubicar a los autores de los hechos en domicilios en los barrios Mataderos y 6 de Agosto. Con los elementos de prueba en manos del Juzgado de Garant\u00edas N\u00ba 2, fueron ordenados los allanamientos que se efectivizaron el pasado jueves, deteniendo a dos sujetos y recuperando la Yamaha sustra\u00edda.<br \/>\n  Durante el operativo en barrio Mataderos, la hermana de uno de los apresados agredi\u00f3 a una oficial en el momento del ingreso, siendo tambi\u00e9n aprehendida.<\/p>\n<p>  Los hombres quedaron imputados en una causa caratulada como \u201crobo agravado por el uso de arma de fuego\u201d y la mujer por \u201catentado y resistencia a la autoridad\u201d, permaneciendo alojada en la Comisar\u00eda de Matheu.<\/p>\n<p>Fuente: Enlace Cr\u00edtico<\/p>\n","protected":false},"excerpt":{"rendered":"<p>A ra\u00edz de la creciente ola de robos de motocicletas, desde la Fiscal\u00eda de Z\u00e1rate, como tambi\u00e9n desde la Secretaria de Seguridad de la Municipalidad, se le encomend\u00f3 al personal de la Direcci\u00f3n Departamental de Investigaciones (DDI) Z\u00e1rate \u2013 Campana la tarea de llevar a cabo una amplia investigaci\u00f3n tendiente a dar con los autores [&hellip;]<\/p>\n","protected":false},"author":4,"featured_media":33734,"comment_status":"open","ping_status":"closed","sticky":false,"template":"","format":"standard","meta":{"om_disable_all_campaigns":false,"_jetpack_memberships_contains_paid_content":false,"footnotes":""},"categories":[621],"tags":[],"class_list":["post-33733","post","type-post","status-publish","format-standard","has-post-thumbnail","hentry","category-regionales"],"aioseo_notices":[],"gutentor_comment":0,"jetpack_featured_media_url":"https:\/\/eldiariodesanpedro.com.ar\/sitio\/wp-content\/uploads\/2018\/05\/Detiene-ladrones-de-motos-que-enga\u00f1aban-a-sus-v\u00edctimas-a-trav\u00e9s-de-Facebook.jpg","jetpack_shortlink":"https:\/\/wp.me\/p6RhLt-8M5","jetpack_sharing_enabled":true,"_links":{"self":[{"href":"https:\/\/eldiariodesanpedro.com.ar\/sitio\/wp-json\/wp\/v2\/posts\/33733","targetHints":{"allow":["GET"]}}],"collection":[{"href":"https:\/\/eldiariodesanpedro.com.ar\/sitio\/wp-json\/wp\/v2\/posts"}],"about":[{"href":"https:\/\/eldiariodesanpedro.com.ar\/sitio\/wp-json\/wp\/v2\/types\/post"}],"author":[{"embeddable":true,"href":"https:\/\/eldiariodesanpedro.com.ar\/sitio\/wp-json\/wp\/v2\/users\/4"}],"replies":[{"embeddable":true,"href":"https:\/\/eldiariodesanpedro.com.ar\/sitio\/wp-json\/wp\/v2\/comments?post=33733"}],"version-history":[{"count":1,"href":"https:\/\/eldiariodesanpedro.com.ar\/sitio\/wp-json\/wp\/v2\/posts\/33733\/revisions"}],"predecessor-version":[{"id":33736,"href":"https:\/\/eldiariodesanpedro.com.ar\/sitio\/wp-json\/wp\/v2\/posts\/33733\/revisions\/33736"}],"wp:featuredmedia":[{"embeddable":true,"href":"https:\/\/eldiariodesanpedro.com.ar\/sitio\/wp-json\/wp\/v2\/media\/33734"}],"wp:attachment":[{"href":"https:\/\/eldiariodesanpedro.com.ar\/sitio\/wp-json\/wp\/v2\/media?parent=33733"}],"wp:term":[{"taxonomy":"category","embeddable":true,"href":"https:\/\/eldiariodesanpedro.com.ar\/sitio\/wp-json\/wp\/v2\/categories?post=33733"},{"taxonomy":"post_tag","embeddable":true,"href":"https:\/\/eldiariodesanpedro.com.ar\/sitio\/wp-json\/wp\/v2\/tags?post=33733"}],"curies":[{"name":"wp","href":"https:\/\/api.w.org\/{rel}","templated":true}]}}