{"id":33725,"date":"2018-05-27T19:28:40","date_gmt":"2018-05-27T22:28:40","guid":{"rendered":"https:\/\/eldiariodesanpedro.com.ar\/sitio\/?p=33725"},"modified":"2018-05-27T19:28:40","modified_gmt":"2018-05-27T22:28:40","slug":"ramallo-sat-para-todos-los-vecinos-de-villa-ramallo","status":"publish","type":"post","link":"https:\/\/eldiariodesanpedro.com.ar\/sitio\/ramallo-sat-para-todos-los-vecinos-de-villa-ramallo\/","title":{"rendered":"RAMALLO: SAT para todos los vecinos de Villa Ramallo"},"content":{"rendered":"<p><!-- VideographyWP Plugin Message: Automatic video embedding prevented by plugin options. --><br \/>\nEl Sistema de Alerta Temprana (SAT) estar\u00e1 a disposici\u00f3n desde el pr\u00f3ximo lunes 28 de mayo en el Centro Cultural ubicado en Irigoyen 60 de esta localidad.<\/p>\n<p>  La Secretar\u00eda de Seguridad de la Municipalidad de Ramallo informa que, a partir de hoy, lunes 28 de mayo, todos los vecinos de la ciudad de Villa Ramallo podr\u00e1n darse de alta en el Sistema de Alerta Temprana (SAT &#8211; bot\u00f3n antip\u00e1nico). Para dar inicio a este beneficio, deben concurrir al Centro Cultural, ubicado en calle Irigoyen 60, entre Dr. Bonfiglio y Marinero Panno, en el horario de 07:00 a 13:00 hs. Es importante que todas las personas interesadas concurran con su correspondiente tel\u00e9fono m\u00f3vil. En caso de realizar el tr\u00e1mite en nombre de otra persona, es necesario concurrir al lugar con el dispositivo m\u00f3vil y el D.N.I de la persona que recibir\u00e1 el servicio. El tr\u00e1mite solo dura unos minutos y consiste en llenar una planilla con los datos requeridos para luego realizar la activaci\u00f3n de la prestaci\u00f3n anteriormente nombrada.<\/p>\n<p>  Actualmente, son m\u00e1s de 6500 vecinos del Partido de Ramallo que cuentan con el Sistema de Alerta Temprana. Dicho servicio es proporcionado de manera gratuita por el Municipio de Ramallo. <\/p>\n<p>Fuente: Meta FM<\/p>\n","protected":false},"excerpt":{"rendered":"<p>El Sistema de Alerta Temprana (SAT) estar\u00e1 a disposici\u00f3n desde el pr\u00f3ximo lunes 28 de mayo en el Centro Cultural ubicado en Irigoyen 60 de esta localidad. La Secretar\u00eda de Seguridad de la Municipalidad de Ramallo informa que, a partir de hoy, lunes 28 de mayo, todos los vecinos de la ciudad de Villa Ramallo [&hellip;]<\/p>\n","protected":false},"author":4,"featured_media":33730,"comment_status":"open","ping_status":"closed","sticky":false,"template":"","format":"standard","meta":{"om_disable_all_campaigns":false,"_jetpack_memberships_contains_paid_content":false,"footnotes":""},"categories":[621],"tags":[],"class_list":["post-33725","post","type-post","status-publish","format-standard","has-post-thumbnail","hentry","category-regionales"],"aioseo_notices":[],"gutentor_comment":0,"jetpack_featured_media_url":"https:\/\/eldiariodesanpedro.com.ar\/sitio\/wp-content\/uploads\/2018\/05\/ramallo-sat.jpg","jetpack_shortlink":"https:\/\/wp.me\/p6RhLt-8LX","jetpack_sharing_enabled":true,"_links":{"self":[{"href":"https:\/\/eldiariodesanpedro.com.ar\/sitio\/wp-json\/wp\/v2\/posts\/33725","targetHints":{"allow":["GET"]}}],"collection":[{"href":"https:\/\/eldiariodesanpedro.com.ar\/sitio\/wp-json\/wp\/v2\/posts"}],"about":[{"href":"https:\/\/eldiariodesanpedro.com.ar\/sitio\/wp-json\/wp\/v2\/types\/post"}],"author":[{"embeddable":true,"href":"https:\/\/eldiariodesanpedro.com.ar\/sitio\/wp-json\/wp\/v2\/users\/4"}],"replies":[{"embeddable":true,"href":"https:\/\/eldiariodesanpedro.com.ar\/sitio\/wp-json\/wp\/v2\/comments?post=33725"}],"version-history":[{"count":2,"href":"https:\/\/eldiariodesanpedro.com.ar\/sitio\/wp-json\/wp\/v2\/posts\/33725\/revisions"}],"predecessor-version":[{"id":33732,"href":"https:\/\/eldiariodesanpedro.com.ar\/sitio\/wp-json\/wp\/v2\/posts\/33725\/revisions\/33732"}],"wp:featuredmedia":[{"embeddable":true,"href":"https:\/\/eldiariodesanpedro.com.ar\/sitio\/wp-json\/wp\/v2\/media\/33730"}],"wp:attachment":[{"href":"https:\/\/eldiariodesanpedro.com.ar\/sitio\/wp-json\/wp\/v2\/media?parent=33725"}],"wp:term":[{"taxonomy":"category","embeddable":true,"href":"https:\/\/eldiariodesanpedro.com.ar\/sitio\/wp-json\/wp\/v2\/categories?post=33725"},{"taxonomy":"post_tag","embeddable":true,"href":"https:\/\/eldiariodesanpedro.com.ar\/sitio\/wp-json\/wp\/v2\/tags?post=33725"}],"curies":[{"name":"wp","href":"https:\/\/api.w.org\/{rel}","templated":true}]}}