{"id":33724,"date":"2018-05-27T19:27:25","date_gmt":"2018-05-27T22:27:25","guid":{"rendered":"https:\/\/eldiariodesanpedro.com.ar\/sitio\/?p=33724"},"modified":"2018-05-27T19:27:25","modified_gmt":"2018-05-27T22:27:25","slug":"baradero-se-aprobo-la-construccion-de-un-destacamento-policial-en-la-zona-del-hospital","status":"publish","type":"post","link":"https:\/\/eldiariodesanpedro.com.ar\/sitio\/baradero-se-aprobo-la-construccion-de-un-destacamento-policial-en-la-zona-del-hospital\/","title":{"rendered":"BARADERO: Se aprob\u00f3 la construcci\u00f3n de un destacamento policial en la zona del Hospital"},"content":{"rendered":"<p><!-- VideographyWP Plugin Message: Automatic video embedding prevented by plugin options. --><br \/>\n  Fue este martes en la Sesi\u00f3n del Concejo Deliberante. All\u00ed el Frente Para la Victoria \u2013 Unidad Ciudadana present\u00f3 un proyecto que fue apoyado tanto por el Frente Renovador Peronista como por el bloque de Cambiemos. Quienes incluso afirmaron que la intendenta pretende llevar a cabo este avance respecto de la seguridad de la ciudad.<br \/>\n  Quien defendi\u00f3 el proyecto desde la banca fue el concejal Guillermo Oliveri del FPV \u2013 UC. \u201cNosotros pensamos que puede ser necesario con personal aut\u00f3nomo en el predio del Hospital. No s\u00f3lo por el nosocomio, sino tambi\u00e9n por los barrios aleda\u00f1os\u201d manifest\u00f3 el edil.<\/p>\n<p>  De hecho, el proyecto menciona a los barrios denominados H\u00eddrico, de la Polic\u00eda, Plan Federal 1 y 2, Pedro Carossi, Auto Club, Parque del Este, Setia y el Barrio Textil recientemente inaugurado. Nombrados tanto por \u201cel crecimiento demogr\u00e1fico que ha tenido nuestra ciudad\u201d y argumentando que \u201clos mismos lamentablemente han sido noticia en los \u00faltimos d\u00edas por hechos delictivos\u201d.<\/p>\n<p>  Desde el FRP, Guillermo Paniagua, afirm\u00f3 que acompa\u00f1aban la iniciativa, aunque expres\u00f3 que deber\u00eda ser una comisar\u00eda y no un destacamento. \u201cNecesitamos tres comisar\u00edas\u201d mencion\u00f3 y, dijo que la tercera deber\u00eda ubicarse en el barrio de la Estaci\u00f3n.<\/p>\n<p>  Lo interesante y, a contramano de la mayor\u00eda de los proyectos que se debaten en el HCD, es que el presidente del bloque de Cambiemos, Gabriel Descalzo dijo \u201cel Ejecutivo comparte con ustedes y este bloque tambi\u00e9n comparte poder llevar a cabo ese destacamento\u201d.<\/p>\n<p>  La \u00fanica modificaci\u00f3n estar\u00eda vinculada con el terreno. Desde Cambiemos proponen que la construcci\u00f3n sea en un peque\u00f1o predio privado ubicado al lado del hospital y no en el terreno propio del hospital como propon\u00eda la oposici\u00f3n.<\/p>\n<p>  La iniciativa fue aprobada y pas\u00f3 a la Comisi\u00f3n de Obras. No es menor que los diferentes espacios pol\u00edticos avancen en acuerdos y proyectos que pretendan dar respuestas a la problem\u00e1tica de la inseguridad en forma conjunta.<\/p>\n<p>Fuente: Tu L\u00ednea Directa<\/p>\n","protected":false},"excerpt":{"rendered":"<p>Fue este martes en la Sesi\u00f3n del Concejo Deliberante. All\u00ed el Frente Para la Victoria \u2013 Unidad Ciudadana present\u00f3 un proyecto que fue apoyado tanto por el Frente Renovador Peronista como por el bloque de Cambiemos. Quienes incluso afirmaron que la intendenta pretende llevar a cabo este avance respecto de la seguridad de la ciudad. [&hellip;]<\/p>\n","protected":false},"author":4,"featured_media":33727,"comment_status":"open","ping_status":"closed","sticky":false,"template":"","format":"standard","meta":{"om_disable_all_campaigns":false,"_jetpack_memberships_contains_paid_content":false,"footnotes":""},"categories":[621],"tags":[],"class_list":["post-33724","post","type-post","status-publish","format-standard","has-post-thumbnail","hentry","category-regionales"],"aioseo_notices":[],"gutentor_comment":0,"jetpack_featured_media_url":"https:\/\/eldiariodesanpedro.com.ar\/sitio\/wp-content\/uploads\/2018\/05\/Se-aprob\u00f3-la-construcci\u00f3n-de-un-destacamento-policial-en-la-zona-del-Hospital.jpg","jetpack_shortlink":"https:\/\/wp.me\/p6RhLt-8LW","jetpack_sharing_enabled":true,"_links":{"self":[{"href":"https:\/\/eldiariodesanpedro.com.ar\/sitio\/wp-json\/wp\/v2\/posts\/33724","targetHints":{"allow":["GET"]}}],"collection":[{"href":"https:\/\/eldiariodesanpedro.com.ar\/sitio\/wp-json\/wp\/v2\/posts"}],"about":[{"href":"https:\/\/eldiariodesanpedro.com.ar\/sitio\/wp-json\/wp\/v2\/types\/post"}],"author":[{"embeddable":true,"href":"https:\/\/eldiariodesanpedro.com.ar\/sitio\/wp-json\/wp\/v2\/users\/4"}],"replies":[{"embeddable":true,"href":"https:\/\/eldiariodesanpedro.com.ar\/sitio\/wp-json\/wp\/v2\/comments?post=33724"}],"version-history":[{"count":1,"href":"https:\/\/eldiariodesanpedro.com.ar\/sitio\/wp-json\/wp\/v2\/posts\/33724\/revisions"}],"predecessor-version":[{"id":33729,"href":"https:\/\/eldiariodesanpedro.com.ar\/sitio\/wp-json\/wp\/v2\/posts\/33724\/revisions\/33729"}],"wp:featuredmedia":[{"embeddable":true,"href":"https:\/\/eldiariodesanpedro.com.ar\/sitio\/wp-json\/wp\/v2\/media\/33727"}],"wp:attachment":[{"href":"https:\/\/eldiariodesanpedro.com.ar\/sitio\/wp-json\/wp\/v2\/media?parent=33724"}],"wp:term":[{"taxonomy":"category","embeddable":true,"href":"https:\/\/eldiariodesanpedro.com.ar\/sitio\/wp-json\/wp\/v2\/categories?post=33724"},{"taxonomy":"post_tag","embeddable":true,"href":"https:\/\/eldiariodesanpedro.com.ar\/sitio\/wp-json\/wp\/v2\/tags?post=33724"}],"curies":[{"name":"wp","href":"https:\/\/api.w.org\/{rel}","templated":true}]}}