{"id":33723,"date":"2018-05-27T19:26:25","date_gmt":"2018-05-27T22:26:25","guid":{"rendered":"https:\/\/eldiariodesanpedro.com.ar\/sitio\/?p=33723"},"modified":"2018-05-27T19:26:25","modified_gmt":"2018-05-27T22:26:25","slug":"san-nicolas-denuncio-el-robo-de-su-auto-y-lo-encontraron-chocado","status":"publish","type":"post","link":"https:\/\/eldiariodesanpedro.com.ar\/sitio\/san-nicolas-denuncio-el-robo-de-su-auto-y-lo-encontraron-chocado\/","title":{"rendered":"SAN NICOL\u00c1S: Denunci\u00f3 el robo de su auto y lo encontraron chocado"},"content":{"rendered":"<p><!-- VideographyWP Plugin Message: Automatic video embedding prevented by plugin options. --><br \/>\nUna mujer de 35 a\u00f1os denunci\u00f3 que le hab\u00edan sustra\u00eddo un Chevrolet Vectra. El veh\u00edculo estaba en el estacionamiento del Parador San Nicol\u00e1s. Apareci\u00f3 chocado, pero sin ser violentada la cerradura ni, el tambor de arranque.<\/p>\n<p>  Personal del Destacamento de La Emilia y Comando de Patrullas inici\u00f3 un operativo cerrojo y de b\u00fasqueda luego de tomar conocimiento de la sustracci\u00f3n de un autom\u00f3vil Chevrolet Vectra azul, el cual estaba estacionado en la v\u00eda p\u00fablica.<\/p>\n<p>  Tras intensas tareas de b\u00fasqueda, el auto fue hallado en Pedro Lista y colectora, estacionamiento del Parador San Nicol\u00e1s. All\u00ed se pudo constatar que tanto las cerraduras de las puertas como el tambor de arranque, no estaban violentados.<\/p>\n<p>  Se investiga el extra\u00f1o hecho y las circunstancias que llevaron a encontrar el rodado en ese lugar y en esas condiciones.<\/p>\n<p>Fuente: Diario El Informante<\/p>\n","protected":false},"excerpt":{"rendered":"<p>Una mujer de 35 a\u00f1os denunci\u00f3 que le hab\u00edan sustra\u00eddo un Chevrolet Vectra. El veh\u00edculo estaba en el estacionamiento del Parador San Nicol\u00e1s. Apareci\u00f3 chocado, pero sin ser violentada la cerradura ni, el tambor de arranque. Personal del Destacamento de La Emilia y Comando de Patrullas inici\u00f3 un operativo cerrojo y de b\u00fasqueda luego de [&hellip;]<\/p>\n","protected":false},"author":4,"featured_media":33726,"comment_status":"open","ping_status":"closed","sticky":false,"template":"","format":"standard","meta":{"om_disable_all_campaigns":false,"_jetpack_memberships_contains_paid_content":false,"footnotes":""},"categories":[621],"tags":[],"class_list":["post-33723","post","type-post","status-publish","format-standard","has-post-thumbnail","hentry","category-regionales"],"aioseo_notices":[],"gutentor_comment":0,"jetpack_featured_media_url":"https:\/\/eldiariodesanpedro.com.ar\/sitio\/wp-content\/uploads\/2018\/05\/El-autom\u00f3vil-hallado.jpg","jetpack_shortlink":"https:\/\/wp.me\/p6RhLt-8LV","jetpack_sharing_enabled":true,"_links":{"self":[{"href":"https:\/\/eldiariodesanpedro.com.ar\/sitio\/wp-json\/wp\/v2\/posts\/33723","targetHints":{"allow":["GET"]}}],"collection":[{"href":"https:\/\/eldiariodesanpedro.com.ar\/sitio\/wp-json\/wp\/v2\/posts"}],"about":[{"href":"https:\/\/eldiariodesanpedro.com.ar\/sitio\/wp-json\/wp\/v2\/types\/post"}],"author":[{"embeddable":true,"href":"https:\/\/eldiariodesanpedro.com.ar\/sitio\/wp-json\/wp\/v2\/users\/4"}],"replies":[{"embeddable":true,"href":"https:\/\/eldiariodesanpedro.com.ar\/sitio\/wp-json\/wp\/v2\/comments?post=33723"}],"version-history":[{"count":1,"href":"https:\/\/eldiariodesanpedro.com.ar\/sitio\/wp-json\/wp\/v2\/posts\/33723\/revisions"}],"predecessor-version":[{"id":33728,"href":"https:\/\/eldiariodesanpedro.com.ar\/sitio\/wp-json\/wp\/v2\/posts\/33723\/revisions\/33728"}],"wp:featuredmedia":[{"embeddable":true,"href":"https:\/\/eldiariodesanpedro.com.ar\/sitio\/wp-json\/wp\/v2\/media\/33726"}],"wp:attachment":[{"href":"https:\/\/eldiariodesanpedro.com.ar\/sitio\/wp-json\/wp\/v2\/media?parent=33723"}],"wp:term":[{"taxonomy":"category","embeddable":true,"href":"https:\/\/eldiariodesanpedro.com.ar\/sitio\/wp-json\/wp\/v2\/categories?post=33723"},{"taxonomy":"post_tag","embeddable":true,"href":"https:\/\/eldiariodesanpedro.com.ar\/sitio\/wp-json\/wp\/v2\/tags?post=33723"}],"curies":[{"name":"wp","href":"https:\/\/api.w.org\/{rel}","templated":true}]}}