{"id":33717,"date":"2018-05-24T21:40:50","date_gmt":"2018-05-25T00:40:50","guid":{"rendered":"https:\/\/eldiariodesanpedro.com.ar\/sitio\/?p=33717"},"modified":"2018-05-24T21:40:50","modified_gmt":"2018-05-25T00:40:50","slug":"en-una-polemica-sesion-donde-el-bloque-kirchnerista-se-retiro-del-salon-dorado-se-aprobo-la-rendicion-de-cuentas-2017","status":"publish","type":"post","link":"https:\/\/eldiariodesanpedro.com.ar\/sitio\/en-una-polemica-sesion-donde-el-bloque-kirchnerista-se-retiro-del-salon-dorado-se-aprobo-la-rendicion-de-cuentas-2017\/","title":{"rendered":"En una pol\u00e9mica sesi\u00f3n, donde el bloque kirchnerista se retir\u00f3 del sal\u00f3n dorado, se aprob\u00f3 la Rendici\u00f3n de Cuentas 2017"},"content":{"rendered":"<p><!-- VideographyWP Plugin Message: Automatic video embedding prevented by plugin options. --><br \/>\nEste jueves se trat\u00f3 en el HCD la Rendici\u00f3n de Cuentas; ediles opositores pidieron que se pospusiera una semana m\u00e1s el tratamiento de la misma, pero finalmente, fue aprobada por el oficialismo. <\/p>\n<p>  En una pol\u00e9mica sesi\u00f3n, durante la ma\u00f1ana de este jueves, cera de las 10 hs. se dio inicio al tratamiento de la rendici\u00f3n de cuentas 2017. La misma comenz\u00f3 con las palabras de Trelles, quien resalt\u00f3, como ya lo hab\u00edan comentado durante la semana, que s\u00f3lo tuvieron dos d\u00edas para revisar los gastos realizados.<\/p>\n<p>  Trelles dijo: \u201cS\u00f3lo nos dieron 20 segundos por orden de pago para revisar, no es un tratamiento serio el que pudimos hacer. Quieren convertir este reciento en una escriban\u00eda del gobierno local\u201d. Adem\u00e1s, agreg\u00f3: \u201cEstas cuestiones son las que nos han impedido hacer nuestro trabajo como conejales, creemos que se intenta esconder alg\u00fan tipo de informaci\u00f3n\u201d sostuvo.<\/p>\n<p>  Tras escuchar las declaraciones, el concejal Iv\u00e1n Paz pidi\u00f3 la palabra y asegur\u00f3 que les hab\u00edan dado m\u00e1s de dos d\u00edas para realizar la revisi\u00f3n \u00abHab\u00edamos acordado semanas atr\u00e1s darle tratamiento, por lo que la oposici\u00f3n tuvo el tiempo necesario para revisar lo que quer\u00eda revisar\u00bb, agregando \u00abPodr\u00edan haber pedido antes las cosas, as\u00ed no hubiera pasado lo de los 20 segundos que dice el bloque de la oposici\u00f3n\u00bb.<\/p>\n<p>  Ante lo dicho por Paz, el edil Mart\u00edn Baraybar de Unidad Ciudadana, luego de pedir la palabra, lo trat\u00f3 de mentiroso, denunciando \u00abNosotros apenas ingres\u00f3 este expediente, pedimos al Ejecutivo tener el acceso a los m\u00f3dulos del RAFAM, adem\u00e1s de no tener una respuesta positiva, pusieron trabas para obtenerla\u00bb. Sostuvo, adem\u00e1s, \u00abHace 20 d\u00edas pedimos el permiso para realizar la revisi\u00f3n y no 2 d\u00edas como dice el oficialismo\u00bb.<\/p>\n<p>  Luego del debate entre los dos bloques, la presidenta del HCD M\u00f3nica Otero pas\u00f3 a la votaci\u00f3n de las dos mociones presentadas para la sesi\u00f3n. En primer lugar, se vot\u00f3 la propuesta del FPV &#8211; Unidad Ciudadana que planteaba posponer el tratamiento de la Rendici\u00f3n de Cuentas para el pr\u00f3ximo 31 de mayo en una sesi\u00f3n extraordinaria. La misma obtuvo 6 votos pertenecientes a los dos bloques de la oposici\u00f3n, contra 12 del oficialismo, por lo que fue denegada. <\/p>\n<p>  Luego se pas\u00f3 a votar la moci\u00f3n presentada por el bloque Cambiemos que, solicitaba tratar el tema en la sesi\u00f3n que estaba transcurriendo, esta moci\u00f3n fue votada por los 12 ediles de Cambiemos, contra los 6 restantes.<\/p>\n<p>  Teniendo en cuenta este resultado, el bloque del FPV &#8211; Unidad Ciudadana decidi\u00f3 retirarse del lugar alegando que no tuvieron el tiempo suficiente para investigar cu\u00e1les fueron las \u00f3rdenes de pagos emitidas en el periodo 2017 y, tratando de vergonzosa la actitud del bloque Cambiemos.<\/p>\n<p>Luego de este momento de discusion la sesion continuo normalmente sin la presencia de este bloque, terminando luego de dos horas con la aprobacion de la Rendicion de Cuenta valiendose de su mayoria absoluta. <\/p>\n","protected":false},"excerpt":{"rendered":"<p>Este jueves se trat\u00f3 en el HCD la Rendici\u00f3n de Cuentas; ediles opositores pidieron que se pospusiera una semana m\u00e1s el tratamiento de la misma, pero finalmente, fue aprobada por el oficialismo. En una pol\u00e9mica sesi\u00f3n, durante la ma\u00f1ana de este jueves, cera de las 10 hs. se dio inicio al tratamiento de la rendici\u00f3n [&hellip;]<\/p>\n","protected":false},"author":4,"featured_media":33720,"comment_status":"open","ping_status":"closed","sticky":false,"template":"","format":"standard","meta":{"om_disable_all_campaigns":false,"_jetpack_memberships_contains_paid_content":false,"footnotes":""},"categories":[2,102],"tags":[],"class_list":["post-33717","post","type-post","status-publish","format-standard","has-post-thumbnail","hentry","category-locales","category-politica-locales"],"aioseo_notices":[],"gutentor_comment":0,"jetpack_featured_media_url":"https:\/\/eldiariodesanpedro.com.ar\/sitio\/wp-content\/uploads\/2018\/05\/Este-jueves-se-trat\u00f3-en-el-HCD-la-Rendici\u00f3n-de-Cuentas.jpeg","jetpack_shortlink":"https:\/\/wp.me\/p6RhLt-8LP","jetpack_sharing_enabled":true,"_links":{"self":[{"href":"https:\/\/eldiariodesanpedro.com.ar\/sitio\/wp-json\/wp\/v2\/posts\/33717","targetHints":{"allow":["GET"]}}],"collection":[{"href":"https:\/\/eldiariodesanpedro.com.ar\/sitio\/wp-json\/wp\/v2\/posts"}],"about":[{"href":"https:\/\/eldiariodesanpedro.com.ar\/sitio\/wp-json\/wp\/v2\/types\/post"}],"author":[{"embeddable":true,"href":"https:\/\/eldiariodesanpedro.com.ar\/sitio\/wp-json\/wp\/v2\/users\/4"}],"replies":[{"embeddable":true,"href":"https:\/\/eldiariodesanpedro.com.ar\/sitio\/wp-json\/wp\/v2\/comments?post=33717"}],"version-history":[{"count":1,"href":"https:\/\/eldiariodesanpedro.com.ar\/sitio\/wp-json\/wp\/v2\/posts\/33717\/revisions"}],"predecessor-version":[{"id":33719,"href":"https:\/\/eldiariodesanpedro.com.ar\/sitio\/wp-json\/wp\/v2\/posts\/33717\/revisions\/33719"}],"wp:featuredmedia":[{"embeddable":true,"href":"https:\/\/eldiariodesanpedro.com.ar\/sitio\/wp-json\/wp\/v2\/media\/33720"}],"wp:attachment":[{"href":"https:\/\/eldiariodesanpedro.com.ar\/sitio\/wp-json\/wp\/v2\/media?parent=33717"}],"wp:term":[{"taxonomy":"category","embeddable":true,"href":"https:\/\/eldiariodesanpedro.com.ar\/sitio\/wp-json\/wp\/v2\/categories?post=33717"},{"taxonomy":"post_tag","embeddable":true,"href":"https:\/\/eldiariodesanpedro.com.ar\/sitio\/wp-json\/wp\/v2\/tags?post=33717"}],"curies":[{"name":"wp","href":"https:\/\/api.w.org\/{rel}","templated":true}]}}