{"id":33714,"date":"2018-05-24T21:25:32","date_gmt":"2018-05-25T00:25:32","guid":{"rendered":"https:\/\/eldiariodesanpedro.com.ar\/sitio\/?p=33714"},"modified":"2018-05-24T21:25:32","modified_gmt":"2018-05-25T00:25:32","slug":"pergamino-detienen-a-un-pergaminense-lider-de-una-banda-que-robaba-y-comercializaba-agroquimicos","status":"publish","type":"post","link":"https:\/\/eldiariodesanpedro.com.ar\/sitio\/pergamino-detienen-a-un-pergaminense-lider-de-una-banda-que-robaba-y-comercializaba-agroquimicos\/","title":{"rendered":"PERGAMINO: Detienen a un pergaminense, l\u00edder de una banda que robaba y comercializaba agroqu\u00edmicos"},"content":{"rendered":"<p><!-- VideographyWP Plugin Message: Automatic video embedding prevented by plugin options. --><br \/>\nLuego de meses de investigaci\u00f3n, este lunes a la ma\u00f1ana en la zona del barrio Luar Kayad, fue detenido un sujeto de 67 a\u00f1os que habr\u00eda participado en hechos en las provincias de Buenos Aires y Santa Fe. Qued\u00f3 aprehendida tambi\u00e9n su pareja de 38 a\u00f1os.<\/p>\n<p>  La tranquilidad de la zona del barrio Luar Kayad se vio alterada ayer en horas de la ma\u00f1ana (alrededor de las 7:30 hs.) cuando cerca de 30 efectivos de diferentes fuerzas policiales encabezados por el comisario Miguel \u00c1ngel Paolini (Distrital de Salto) ingresaron a una vivienda para detener a un pergaminense l\u00edder de una banda que robaba, adulteraba y comercializaba agroqu\u00edmicos en las provincias de Buenos Aires y Santa Fe.<br \/>\n  Para ingresar a la quinta de importantes dimensiones, trabaj\u00f3 en un primer momento personal del Grupo de Apoyo Departamental (GAD) quienes irrumpieron en la casa y redujeron al sujeto de 67 a\u00f1os y su pareja de 38, ambos ten\u00edan en su poder armas de fuego. El sexagenario se encontraba durmiendo y bajo su almohada ten\u00eda una pistola 9 mil\u00edmetros con numeraci\u00f3n limada, aunque se pudo determinar que pose\u00eda pedido de secuestro desde diciembre de 2016, en tanto que la mujer en su cartera llevaba un rev\u00f3lver calibre 38.<br \/>\n  El hombre en cuesti\u00f3n se encuentra acusado de ser el ide\u00f3logo y jefe de una banda. Se lo acusa de robo calificado, robo calificado automotor, privaci\u00f3n ilegal de la libertad, todas causas de agosto de 2016, cuando un grupo comando armado llev\u00f3 a cabo un robo de agroqu\u00edmicos en las instalaciones de la Cooperativa Industria de Salto por un valor cercano a los 2 millones de pesos. Desde entonces, la Polic\u00eda de la vecina ciudad estuvo trabajando con la Fiscal\u00eda de turno y actualmente la investigaci\u00f3n la lleva adelante la Fiscal\u00eda N\u00ba 1 de Investigaciones Complejas de Mercedes a cargo de Juan Ignacio Bidone (fue el fiscal en causa por el Triple Crimen de General Rodr\u00edguez) que le solicit\u00f3 las \u00f3rdenes de allanamiento y detenci\u00f3n al Juzgado de Garant\u00edas de Mercedes.<br \/>\n  Al momento de la detenci\u00f3n se secuestraron cerca de 15 mil pesos en efectivo y una importante cantidad de cheques (aproximadamente por un total de 750 mil pesos de cuentas de terceros y propias), facturaci\u00f3n referida a agroqu\u00edmicos, etiquetas ap\u00f3crifas de agroqu\u00edmicos y agroqu\u00edmicos en un galp\u00f3n que se encontraba en la parte trasera de la finca.<br \/>\n  Todo lo secuestrado qued\u00f3 a disposici\u00f3n de la Fiscal\u00eda de Mercedes para determinar qu\u00e9 relaci\u00f3n tiene con los 10 \u00f3 12 hechos que se investigan en forma simult\u00e1nea.<\/p>\n<p>Meses de investigaci\u00f3n<br \/>\n  Adem\u00e1s de horas y horas de escuchas telef\u00f3nicas, tambi\u00e9n la Polic\u00eda llev\u00f3 adelante durante meses un trabajo de investigaci\u00f3n de movimientos del sujeto detenido. Adem\u00e1s de tareas de inteligencia sobre la quinta y los visitantes al lugar. El profesionalismo con que se trabaj\u00f3 la causa fue determinante para reducir a este peligroso sujeto con varios antecedentes.<\/p>\n<p>Otro allanamiento<br \/>\n  Como parte de la investigaci\u00f3n tambi\u00e9n se allan\u00f3 una vivienda ubicada en Intendente Biscayart entre Monteagudo y Rivadavia, lugar donde reside un familiar del imputado y donde se secuestr\u00f3 un equipo de radio que podr\u00eda ser el utilizado en el atraco a la Cooperativa Industria de Salto.<\/p>\n<p>Trasladado a Salto<br \/>\n  Al cierre de esta edici\u00f3n y luego de prestar declaraci\u00f3n ante la Unidad Funcional de Instrucci\u00f3n y Juicio N\u00ba 1 a cargo de Horacio Lasarte de nuestra ciudad, ambos sujetos fueron trasladados a la vecina localidad de Salto, donde deber\u00e1n esperar la decisi\u00f3n del Fiscal Bidone sobre los pasos a seguir.<\/p>\n<p>Fuente: La Opini\u00f3n de Pergamino<\/p>\n","protected":false},"excerpt":{"rendered":"<p>Luego de meses de investigaci\u00f3n, este lunes a la ma\u00f1ana en la zona del barrio Luar Kayad, fue detenido un sujeto de 67 a\u00f1os que habr\u00eda participado en hechos en las provincias de Buenos Aires y Santa Fe. Qued\u00f3 aprehendida tambi\u00e9n su pareja de 38 a\u00f1os. La tranquilidad de la zona del barrio Luar Kayad [&hellip;]<\/p>\n","protected":false},"author":4,"featured_media":33715,"comment_status":"open","ping_status":"closed","sticky":false,"template":"","format":"standard","meta":{"om_disable_all_campaigns":false,"_jetpack_memberships_contains_paid_content":false,"footnotes":""},"categories":[621],"tags":[],"class_list":["post-33714","post","type-post","status-publish","format-standard","has-post-thumbnail","hentry","category-regionales"],"aioseo_notices":[],"gutentor_comment":0,"jetpack_featured_media_url":"https:\/\/eldiariodesanpedro.com.ar\/sitio\/wp-content\/uploads\/2018\/05\/Detienen-a-un-pergaminense-l\u00edder-de-una-banda-que-robaba-y-comercializaba-agroqu\u00edmicos.jpg","jetpack_shortlink":"https:\/\/wp.me\/p6RhLt-8LM","jetpack_sharing_enabled":true,"_links":{"self":[{"href":"https:\/\/eldiariodesanpedro.com.ar\/sitio\/wp-json\/wp\/v2\/posts\/33714","targetHints":{"allow":["GET"]}}],"collection":[{"href":"https:\/\/eldiariodesanpedro.com.ar\/sitio\/wp-json\/wp\/v2\/posts"}],"about":[{"href":"https:\/\/eldiariodesanpedro.com.ar\/sitio\/wp-json\/wp\/v2\/types\/post"}],"author":[{"embeddable":true,"href":"https:\/\/eldiariodesanpedro.com.ar\/sitio\/wp-json\/wp\/v2\/users\/4"}],"replies":[{"embeddable":true,"href":"https:\/\/eldiariodesanpedro.com.ar\/sitio\/wp-json\/wp\/v2\/comments?post=33714"}],"version-history":[{"count":1,"href":"https:\/\/eldiariodesanpedro.com.ar\/sitio\/wp-json\/wp\/v2\/posts\/33714\/revisions"}],"predecessor-version":[{"id":33716,"href":"https:\/\/eldiariodesanpedro.com.ar\/sitio\/wp-json\/wp\/v2\/posts\/33714\/revisions\/33716"}],"wp:featuredmedia":[{"embeddable":true,"href":"https:\/\/eldiariodesanpedro.com.ar\/sitio\/wp-json\/wp\/v2\/media\/33715"}],"wp:attachment":[{"href":"https:\/\/eldiariodesanpedro.com.ar\/sitio\/wp-json\/wp\/v2\/media?parent=33714"}],"wp:term":[{"taxonomy":"category","embeddable":true,"href":"https:\/\/eldiariodesanpedro.com.ar\/sitio\/wp-json\/wp\/v2\/categories?post=33714"},{"taxonomy":"post_tag","embeddable":true,"href":"https:\/\/eldiariodesanpedro.com.ar\/sitio\/wp-json\/wp\/v2\/tags?post=33714"}],"curies":[{"name":"wp","href":"https:\/\/api.w.org\/{rel}","templated":true}]}}