{"id":33710,"date":"2018-05-24T21:19:42","date_gmt":"2018-05-25T00:19:42","guid":{"rendered":"https:\/\/eldiariodesanpedro.com.ar\/sitio\/?p=33710"},"modified":"2018-05-24T21:19:42","modified_gmt":"2018-05-25T00:19:42","slug":"zarate-tenia-pedido-de-captura-internacional-por-homicidio-y-fue-detenido-por-la-ddi-zarate-campana","status":"publish","type":"post","link":"https:\/\/eldiariodesanpedro.com.ar\/sitio\/zarate-tenia-pedido-de-captura-internacional-por-homicidio-y-fue-detenido-por-la-ddi-zarate-campana\/","title":{"rendered":"Z\u00c1RATE: Ten\u00eda pedido de captura internacional por homicidio y fue detenido por la DDI Z\u00e1rate \u2013 Campana"},"content":{"rendered":"<p><!-- VideographyWP Plugin Message: Automatic video embedding prevented by plugin options. --><br \/>\n  Tras un seguimiento de casi dos a\u00f1os, efectivos de la DDI Z\u00e1rate \u2013 Campana lograron capturar a un hombre de 30 a\u00f1os en calle Viamonte al 2700 de Z\u00e1rate.<\/p>\n<p>  Sobre su persona pesaba un pedido de captura internacional, detallaron fuentes policiales a este medio. Se encontraba pr\u00f3fugo desde el a\u00f1o 2016 por el delito de \u201chomicidio agravado\u201d, y gracias a una investigaci\u00f3n minuciosa se pudo establecer el lugar en donde se encontraba.<\/p>\n<p>  En primera instancia fue trasladado al Hospital Virgen del Carmen para el examen m\u00e9dico y posteriormente a la Comisar\u00eda 1ra de Z\u00e1rate, donde se determinar\u00e1 luego en donde quedar\u00e1 alojado.<\/p>\n<p>  Interviene la UFI N\u00ba 6 a cargo del Dr. Montani y el Juzgado de Garant\u00edas N\u00ba 2 a cargo del Dr. Grados.<\/p>\n<p>Fuente: Enlace Cr\u00edtico<\/p>\n","protected":false},"excerpt":{"rendered":"<p>Tras un seguimiento de casi dos a\u00f1os, efectivos de la DDI Z\u00e1rate \u2013 Campana lograron capturar a un hombre de 30 a\u00f1os en calle Viamonte al 2700 de Z\u00e1rate. Sobre su persona pesaba un pedido de captura internacional, detallaron fuentes policiales a este medio. Se encontraba pr\u00f3fugo desde el a\u00f1o 2016 por el delito de [&hellip;]<\/p>\n","protected":false},"author":4,"featured_media":33711,"comment_status":"open","ping_status":"closed","sticky":false,"template":"","format":"standard","meta":{"om_disable_all_campaigns":false,"_jetpack_memberships_contains_paid_content":false,"footnotes":""},"categories":[621],"tags":[],"class_list":["post-33710","post","type-post","status-publish","format-standard","has-post-thumbnail","hentry","category-regionales"],"aioseo_notices":[],"gutentor_comment":0,"jetpack_featured_media_url":"https:\/\/eldiariodesanpedro.com.ar\/sitio\/wp-content\/uploads\/2018\/05\/detenido-tenia-caputra-internacionale.jpg","jetpack_shortlink":"https:\/\/wp.me\/p6RhLt-8LI","jetpack_sharing_enabled":true,"_links":{"self":[{"href":"https:\/\/eldiariodesanpedro.com.ar\/sitio\/wp-json\/wp\/v2\/posts\/33710","targetHints":{"allow":["GET"]}}],"collection":[{"href":"https:\/\/eldiariodesanpedro.com.ar\/sitio\/wp-json\/wp\/v2\/posts"}],"about":[{"href":"https:\/\/eldiariodesanpedro.com.ar\/sitio\/wp-json\/wp\/v2\/types\/post"}],"author":[{"embeddable":true,"href":"https:\/\/eldiariodesanpedro.com.ar\/sitio\/wp-json\/wp\/v2\/users\/4"}],"replies":[{"embeddable":true,"href":"https:\/\/eldiariodesanpedro.com.ar\/sitio\/wp-json\/wp\/v2\/comments?post=33710"}],"version-history":[{"count":1,"href":"https:\/\/eldiariodesanpedro.com.ar\/sitio\/wp-json\/wp\/v2\/posts\/33710\/revisions"}],"predecessor-version":[{"id":33713,"href":"https:\/\/eldiariodesanpedro.com.ar\/sitio\/wp-json\/wp\/v2\/posts\/33710\/revisions\/33713"}],"wp:featuredmedia":[{"embeddable":true,"href":"https:\/\/eldiariodesanpedro.com.ar\/sitio\/wp-json\/wp\/v2\/media\/33711"}],"wp:attachment":[{"href":"https:\/\/eldiariodesanpedro.com.ar\/sitio\/wp-json\/wp\/v2\/media?parent=33710"}],"wp:term":[{"taxonomy":"category","embeddable":true,"href":"https:\/\/eldiariodesanpedro.com.ar\/sitio\/wp-json\/wp\/v2\/categories?post=33710"},{"taxonomy":"post_tag","embeddable":true,"href":"https:\/\/eldiariodesanpedro.com.ar\/sitio\/wp-json\/wp\/v2\/tags?post=33710"}],"curies":[{"name":"wp","href":"https:\/\/api.w.org\/{rel}","templated":true}]}}