{"id":33708,"date":"2018-05-24T21:19:03","date_gmt":"2018-05-25T00:19:03","guid":{"rendered":"https:\/\/eldiariodesanpedro.com.ar\/sitio\/?p=33708"},"modified":"2018-05-24T21:19:03","modified_gmt":"2018-05-25T00:19:03","slug":"san-nicolas-una-importante-deuda-pone-en-jaque-las-prestaciones-de-ioma-en-san-nicolas","status":"publish","type":"post","link":"https:\/\/eldiariodesanpedro.com.ar\/sitio\/san-nicolas-una-importante-deuda-pone-en-jaque-las-prestaciones-de-ioma-en-san-nicolas\/","title":{"rendered":"SAN NICOL\u00c1S: Una importante deuda pone en jaque las prestaciones de IOMA en San Nicol\u00e1s"},"content":{"rendered":"<p><!-- VideographyWP Plugin Message: Automatic video embedding prevented by plugin options. --><br \/>\nLa semana pasada, de manera programada se cort\u00f3 la atenci\u00f3n a los afiliados de la obra social, docentes y empleados p\u00fablicos bonaerenses. Esta semana se regulariz\u00f3 la situaci\u00f3n a partir de la cancelaci\u00f3n de una parte de la deuda, aunque no se descarta que la pr\u00f3xima semana se reavive el conflicto. Ioma tiene unos 19.000 afiliados en nuestra ciudad.<\/p>\n<p>  Los afiliados nicole\u00f1os a IOMA que acudieron la semana pasada al sanatorio de la UOM se encontraron con algunas prestaciones programadas cortadas en virtud de la deuda que la obra social de docentes y empleados p\u00fablicos bonaerenses mantiene con la cl\u00ednica de la Uni\u00f3n Obrera Metal\u00fargica (UOM). <\/p>\n<p>  De acuerdo a lo que pudo averiguar EL NORTE, el monto adeudado en concepto de prestaciones impagas era muy importante, raz\u00f3n por la cual el directorio administrador de la cl\u00ednica resolvi\u00f3 suspender la atenci\u00f3n a los afiliados hasta tanto el organismo no regularizara la situaci\u00f3n. Seg\u00fan le confi\u00f3 un directivo del sanatorio de la UOM a este medio, Ioma adeudaba m\u00e1s de tres facturaciones vencidas, lo cual representa un monto de dinero muy importante.<\/p>\n<p>  En concreto, s\u00f3lo se atendieron emergencias, mientras que las cirug\u00edas programadas y la atenci\u00f3n m\u00e9dica en los consultorios estuvieron cortadas.<\/p>\n<p>  En virtud de este escenario, Ioma desembols\u00f3 el dinero que permiti\u00f3 cancelar un tercio de esa deuda, luego de lo cual las autoridades del sanatorio resolvieron reanudar las prestaciones para los afiliados de Ioma en San Nicol\u00e1s.<br \/>\n  La buena predisposici\u00f3n de la Cl\u00ednica permiti\u00f3 que hoy el servicio est\u00e9 normalizado, aunque no se descarta que la pr\u00f3xima semana vuelvan a interrumpirse las prestaciones si no se avanza en saldar otra parte de la deuda acumulada.<br \/>\n  En la Cl\u00ednica San Nicol\u00e1s, en tanto, las prestaciones a los afiliados a Ioma fueron las habituales. Consultados por este tema, en la delegaci\u00f3n local de Ioma aseguraron que la situaci\u00f3n general hoy es normal, aunque confirmaron los inconvenientes desatados la semana anterior por el freno a las prestaciones en el sanatorio de la UOM.<\/p>\n<p>Fuente: Diario El Norte<\/p>\n","protected":false},"excerpt":{"rendered":"<p>La semana pasada, de manera programada se cort\u00f3 la atenci\u00f3n a los afiliados de la obra social, docentes y empleados p\u00fablicos bonaerenses. Esta semana se regulariz\u00f3 la situaci\u00f3n a partir de la cancelaci\u00f3n de una parte de la deuda, aunque no se descarta que la pr\u00f3xima semana se reavive el conflicto. Ioma tiene unos 19.000 [&hellip;]<\/p>\n","protected":false},"author":4,"featured_media":33709,"comment_status":"open","ping_status":"closed","sticky":false,"template":"","format":"standard","meta":{"om_disable_all_campaigns":false,"_jetpack_memberships_contains_paid_content":false,"footnotes":""},"categories":[621],"tags":[],"class_list":["post-33708","post","type-post","status-publish","format-standard","has-post-thumbnail","hentry","category-regionales"],"aioseo_notices":[],"gutentor_comment":0,"jetpack_featured_media_url":"https:\/\/eldiariodesanpedro.com.ar\/sitio\/wp-content\/uploads\/2018\/05\/clinica.jpg","jetpack_shortlink":"https:\/\/wp.me\/p6RhLt-8LG","jetpack_sharing_enabled":true,"_links":{"self":[{"href":"https:\/\/eldiariodesanpedro.com.ar\/sitio\/wp-json\/wp\/v2\/posts\/33708","targetHints":{"allow":["GET"]}}],"collection":[{"href":"https:\/\/eldiariodesanpedro.com.ar\/sitio\/wp-json\/wp\/v2\/posts"}],"about":[{"href":"https:\/\/eldiariodesanpedro.com.ar\/sitio\/wp-json\/wp\/v2\/types\/post"}],"author":[{"embeddable":true,"href":"https:\/\/eldiariodesanpedro.com.ar\/sitio\/wp-json\/wp\/v2\/users\/4"}],"replies":[{"embeddable":true,"href":"https:\/\/eldiariodesanpedro.com.ar\/sitio\/wp-json\/wp\/v2\/comments?post=33708"}],"version-history":[{"count":1,"href":"https:\/\/eldiariodesanpedro.com.ar\/sitio\/wp-json\/wp\/v2\/posts\/33708\/revisions"}],"predecessor-version":[{"id":33712,"href":"https:\/\/eldiariodesanpedro.com.ar\/sitio\/wp-json\/wp\/v2\/posts\/33708\/revisions\/33712"}],"wp:featuredmedia":[{"embeddable":true,"href":"https:\/\/eldiariodesanpedro.com.ar\/sitio\/wp-json\/wp\/v2\/media\/33709"}],"wp:attachment":[{"href":"https:\/\/eldiariodesanpedro.com.ar\/sitio\/wp-json\/wp\/v2\/media?parent=33708"}],"wp:term":[{"taxonomy":"category","embeddable":true,"href":"https:\/\/eldiariodesanpedro.com.ar\/sitio\/wp-json\/wp\/v2\/categories?post=33708"},{"taxonomy":"post_tag","embeddable":true,"href":"https:\/\/eldiariodesanpedro.com.ar\/sitio\/wp-json\/wp\/v2\/tags?post=33708"}],"curies":[{"name":"wp","href":"https:\/\/api.w.org\/{rel}","templated":true}]}}