{"id":33699,"date":"2018-05-24T20:35:06","date_gmt":"2018-05-24T23:35:06","guid":{"rendered":"https:\/\/eldiariodesanpedro.com.ar\/sitio\/?p=33699"},"modified":"2026-01-24T00:13:33","modified_gmt":"2026-01-24T03:13:33","slug":"futbol-mayor-san-roque-recibe-a-dep-alsina-en-el-partido-pendiente-de-la-fecha-5","status":"publish","type":"post","link":"https:\/\/eldiariodesanpedro.com.ar\/sitio\/futbol-mayor-san-roque-recibe-a-dep-alsina-en-el-partido-pendiente-de-la-fecha-5\/","title":{"rendered":"F\u00daTBOL MAYOR: San Roque recibe a Dep. Alsina en el partido pendiente de la fecha 5"},"content":{"rendered":"<p><!-- VideographyWP Plugin Message: Automatic video embedding prevented by plugin options. --><br \/>\nEn cancha de Defensores Unidos, este viernes el \u201csanto\u201d recibir\u00e1 a Deportivo Alsina desde las 10 hs. con quinta y, para las 15.45 hs. est\u00e1 previsto jugar con los mayores.<br \/>\n  El local a\u00fan no gan\u00f3 en el torneo, mientras que Alsina necesita de los tres puntos para seguir en la lucha por la clasificaci\u00f3n. <\/p>\n","protected":false},"excerpt":{"rendered":"<p>En cancha de Defensores Unidos, este viernes el \u201csanto\u201d recibir\u00e1 a Deportivo Alsina desde las 10 hs. con quinta y, para las 15.45 hs. est\u00e1 previsto jugar con los mayores. El local a\u00fan no gan\u00f3 en el torneo, mientras que Alsina necesita de los tres puntos para seguir en la lucha por la clasificaci\u00f3n.<\/p>\n","protected":false},"author":4,"featured_media":17907,"comment_status":"open","ping_status":"closed","sticky":false,"template":"","format":"standard","meta":{"om_disable_all_campaigns":false,"_jetpack_memberships_contains_paid_content":false,"footnotes":""},"categories":[5],"tags":[],"class_list":["post-33699","post","type-post","status-publish","format-standard","has-post-thumbnail","hentry","category-deportes"],"aioseo_notices":[],"gutentor_comment":0,"jetpack_featured_media_url":"https:\/\/eldiariodesanpedro.com.ar\/sitio\/wp-content\/uploads\/2017\/04\/futbol-balon.jpg","jetpack_shortlink":"https:\/\/wp.me\/p6RhLt-8Lx","jetpack_sharing_enabled":true,"_links":{"self":[{"href":"https:\/\/eldiariodesanpedro.com.ar\/sitio\/wp-json\/wp\/v2\/posts\/33699","targetHints":{"allow":["GET"]}}],"collection":[{"href":"https:\/\/eldiariodesanpedro.com.ar\/sitio\/wp-json\/wp\/v2\/posts"}],"about":[{"href":"https:\/\/eldiariodesanpedro.com.ar\/sitio\/wp-json\/wp\/v2\/types\/post"}],"author":[{"embeddable":true,"href":"https:\/\/eldiariodesanpedro.com.ar\/sitio\/wp-json\/wp\/v2\/users\/4"}],"replies":[{"embeddable":true,"href":"https:\/\/eldiariodesanpedro.com.ar\/sitio\/wp-json\/wp\/v2\/comments?post=33699"}],"version-history":[{"count":1,"href":"https:\/\/eldiariodesanpedro.com.ar\/sitio\/wp-json\/wp\/v2\/posts\/33699\/revisions"}],"predecessor-version":[{"id":33701,"href":"https:\/\/eldiariodesanpedro.com.ar\/sitio\/wp-json\/wp\/v2\/posts\/33699\/revisions\/33701"}],"wp:featuredmedia":[{"embeddable":true,"href":"https:\/\/eldiariodesanpedro.com.ar\/sitio\/wp-json\/wp\/v2\/media\/17907"}],"wp:attachment":[{"href":"https:\/\/eldiariodesanpedro.com.ar\/sitio\/wp-json\/wp\/v2\/media?parent=33699"}],"wp:term":[{"taxonomy":"category","embeddable":true,"href":"https:\/\/eldiariodesanpedro.com.ar\/sitio\/wp-json\/wp\/v2\/categories?post=33699"},{"taxonomy":"post_tag","embeddable":true,"href":"https:\/\/eldiariodesanpedro.com.ar\/sitio\/wp-json\/wp\/v2\/tags?post=33699"}],"curies":[{"name":"wp","href":"https:\/\/api.w.org\/{rel}","templated":true}]}}