{"id":33694,"date":"2018-05-24T20:23:42","date_gmt":"2018-05-24T23:23:42","guid":{"rendered":"https:\/\/eldiariodesanpedro.com.ar\/sitio\/?p=33694"},"modified":"2026-01-24T00:13:33","modified_gmt":"2026-01-24T03:13:33","slug":"rural-bike-pablo-mallo-gano-en-elite","status":"publish","type":"post","link":"https:\/\/eldiariodesanpedro.com.ar\/sitio\/rural-bike-pablo-mallo-gano-en-elite\/","title":{"rendered":"RURAL BIKE: Pablo Mallo gan\u00f3 en \u00c9lite"},"content":{"rendered":"<p><!-- VideographyWP Plugin Message: Automatic video embedding prevented by plugin options. --><br \/>\n  Retorn\u00f3 el Rural Bike en Baradero, organizado por la gente que comanda Irineo Ben\u00edtez y a beneficio de la Escuela N\u00b0 12, se realiz\u00f3 el domingo 20 de mayo con una numerosa cantidad de participantes, como as\u00ed tambi\u00e9n de sampedrinos de muy buena performance. Brillante intervenci\u00f3n de Pablo Mallo, biker de M\u00e1ster \u00abB\u00bb, subi\u00f3 a lo m\u00e1s alto del podio Elite y aqu\u00ed est\u00e1n todas las clasificaciones:<\/p>\n<p><strong>Promocionales Damas<\/strong><br \/>\n1\u00aa Natalia Celina Pacini (Baradero)<br \/>\n2\u00aa Claudia Iturralde (San Pedro)<br \/>\n3\u00aa Alejandra Draghi (Baradero)<br \/>\n4\u00aa Romina Carcini (Campana)<br \/>\n5\u00aa Yovana Navarro (San Pedro)<\/p>\n<p><strong>Damas C<\/strong><br \/>\n1\u00aa Lidia Avigliano (Escobar)<br \/>\n2\u00aa Daiana Delviso (Pilar)<br \/>\n3\u00aa Isabel S\u00e1nchez (San Pedro)<br \/>\n4\u00aa Adriana P\u00e9rez (Pilar)<\/p>\n<p><strong>Damas B<\/strong><br \/>\n1\u00aa Silvina Bozicovich (Baradero)<br \/>\n2\u00aa Rosana P\u00e9rez (San Pedro)<\/p>\n<p><strong>M\u00e1ster \u201cD\u201d<\/strong><br \/>\n1\u00b0 Ricardo Hebeinsen (Baradero)<br \/>\n2\u00b0 Luis G\u00f3mez (Dolores)<br \/>\n3\u00b0 Luis \u201cChango\u201d Aguilera (San Pedro)<br \/>\n4\u00b0 Manuel L\u00f3pez (San Pedro)<br \/>\n5\u00b0 Pedro Ledesma (Campana)<\/p>\n<p><strong>M\u00e1ster C-2<\/strong><br \/>\n1\u00b0 Oscar Garc\u00eda (Rosario)<\/p>\n<p><strong>M\u00e1ster C-1<\/strong><br \/>\n1\u00b0 Wiston Uran (Dolores-Uruguay)<br \/>\n2\u00b0 Carlos Paniagua (Venado Tuerto)<br \/>\n3\u00b0 Daniel Comeza\u00f1a (San Nicol\u00e1s)<br \/>\n4\u00b0 Orlando Rodolfo Noir (San Pedro)<br \/>\n5\u00b0 Omar Cardenia (San Pedro)<br \/>\n6\u00b0 Ariel Branjen (Baradero)<br \/>\n7\u00b0 Rodolfo Silva (Luj\u00e1n)<br \/>\n8\u00b0 Angel Zecchin (Z\u00e1rate)<br \/>\n9\u00b0 Mart\u00edn Amondaray (Baradero)<\/p>\n<p><strong>M\u00e1ster B-2<\/strong><br \/>\n1\u00b0 Fabi\u00e1n Malacalza (Baradero)<br \/>\n2\u00b0 Leonardo Chiarella (San Pedro)<br \/>\n3\u00b0 Gonzalo Eguiguren (Luj\u00e1n)<br \/>\n4\u00b0 Maximiliano Montes (Victoria)<br \/>\n5\u00b0 Gustavo Viglietti (Baradero)<br \/>\n6\u00b0 Esteban Rold\u00e1n (San Pedro)<br \/>\n7\u00b0 Hern\u00e1n Gim\u00e9nez (Alsina)<br \/>\n8\u00b0 Omar Silva (Pilar)<br \/>\n9\u00b0 Jos\u00e9 Fadej (Pilar)<br \/>\n10\u00b0 Luis Pires (Campana)<\/p>\n<p><strong>M\u00e1ster B-1<\/strong><br \/>\n1\u00b0 Yani \u00c1vila (Luj\u00e1n)<br \/>\n2\u00b0 Adman Macat (Pilar)<br \/>\n3\u00b0 Javier Villafa\u00f1e (Campana)<br \/>\n4\u00b0 Ezequiel Rodr\u00edguez (Ing. Maschwitz)<br \/>\n5\u00b0 Claudio Baligan (Baradero)<br \/>\n6\u00b0 \u00c1lvaro Cano (Luj\u00e1n)<br \/>\n7\u00b0 Daniel Aguirre (Pilar)<br \/>\n8\u00b0 Joaqu\u00edn Pecorena (Baradero)<br \/>\n9\u00b0 Rodolfo Medina (San Pedro)<br \/>\n10\u00b0 Lucas Ferreira (San Pedro)<\/p>\n<p><strong>M\u00e1ster A-2<\/strong><br \/>\n1\u00b0 Maximiliano Casas (San Andr\u00e9s de Giles)<br \/>\n2\u00b0 Mat\u00edas Sampol (San Pedro)<br \/>\n3\u00b0 Patricio Torres (Pilar)<br \/>\n4\u00b0 Juan Maseli (San Pedro)<br \/>\n5\u00b0 Lucas Burlando<br \/>\n6\u00b0 Emiliano Diana (La Tablada)<br \/>\n7\u00b0 Gast\u00f3n Gonz\u00e1lez (Alsina)<br \/>\n8\u00b0 Rolando C\u00e9spedes (Moreno)<br \/>\n9\u00b0 Hugo Oviedo (Hurlingham)<br \/>\n10\u00b0 Miguel Su\u00e1rez (Pilar)<\/p>\n<p>M\u00e1ster A-1<br \/>\n1\u00b0 Daniel N\u00fa\u00f1ez (Luj\u00e1n)<\/p>\n<p><strong>Promocionales A<\/strong><br \/>\n1\u00b0 Uran Stefano (Dolores-Uruguay)<br \/>\n2\u00b0 Eduardo Vel\u00e1squez (Campana)<br \/>\n3\u00b0 Luis Rodr\u00edguez (Salto)<br \/>\n4\u00b0 Jonatan Vel\u00e1zquez (San Pedro)<br \/>\n5\u00b0 Mauro Aguirre (Pilar)<br \/>\n6\u00b0 Facundo Mariano (Mor\u00f3n)<\/p>\n<p><strong>Promocionales B<\/strong><br \/>\n1\u00b0 \u00c1lvaro Rodr\u00edguez (Dolores)<\/p>\n<p><strong>Sub 23<\/strong><br \/>\n1\u00b0 Marcelo Iturrart (Luj\u00e1n)<\/p>\n<p><strong>Elite<\/strong><br \/>\n1\u00b0 Pablo Mallo (San Pedro) -FOTO-<br \/>\n2\u00b0 Mat\u00edas Toreira (Ingeniero Maswchwitz)<br \/>\n3\u00b0 Germ\u00e1n Calvo (Mercedes)<br \/>\n4\u00b0 Mauricio Morales (Gar\u00edn)<br \/>\n5\u00b0 Mat\u00edas Olivera (Capilla del Se\u00f1or)<br \/>\n6\u00b0 Mat\u00edas Navarrete (Baradero)<\/p>\n","protected":false},"excerpt":{"rendered":"<p>Retorn\u00f3 el Rural Bike en Baradero, organizado por la gente que comanda Irineo Ben\u00edtez y a beneficio de la Escuela N\u00b0 12, se realiz\u00f3 el domingo 20 de mayo con una numerosa cantidad de participantes, como as\u00ed tambi\u00e9n de sampedrinos de muy buena performance. Brillante intervenci\u00f3n de Pablo Mallo, biker de M\u00e1ster \u00abB\u00bb, subi\u00f3 a [&hellip;]<\/p>\n","protected":false},"author":4,"featured_media":33384,"comment_status":"open","ping_status":"closed","sticky":false,"template":"","format":"standard","meta":{"om_disable_all_campaigns":false,"_jetpack_memberships_contains_paid_content":false,"footnotes":""},"categories":[5],"tags":[],"class_list":["post-33694","post","type-post","status-publish","format-standard","has-post-thumbnail","hentry","category-deportes"],"aioseo_notices":[],"gutentor_comment":0,"jetpack_featured_media_url":"https:\/\/eldiariodesanpedro.com.ar\/sitio\/wp-content\/uploads\/2018\/05\/rural-bike.jpg","jetpack_shortlink":"https:\/\/wp.me\/p6RhLt-8Ls","jetpack_sharing_enabled":true,"_links":{"self":[{"href":"https:\/\/eldiariodesanpedro.com.ar\/sitio\/wp-json\/wp\/v2\/posts\/33694","targetHints":{"allow":["GET"]}}],"collection":[{"href":"https:\/\/eldiariodesanpedro.com.ar\/sitio\/wp-json\/wp\/v2\/posts"}],"about":[{"href":"https:\/\/eldiariodesanpedro.com.ar\/sitio\/wp-json\/wp\/v2\/types\/post"}],"author":[{"embeddable":true,"href":"https:\/\/eldiariodesanpedro.com.ar\/sitio\/wp-json\/wp\/v2\/users\/4"}],"replies":[{"embeddable":true,"href":"https:\/\/eldiariodesanpedro.com.ar\/sitio\/wp-json\/wp\/v2\/comments?post=33694"}],"version-history":[{"count":1,"href":"https:\/\/eldiariodesanpedro.com.ar\/sitio\/wp-json\/wp\/v2\/posts\/33694\/revisions"}],"predecessor-version":[{"id":33696,"href":"https:\/\/eldiariodesanpedro.com.ar\/sitio\/wp-json\/wp\/v2\/posts\/33694\/revisions\/33696"}],"wp:featuredmedia":[{"embeddable":true,"href":"https:\/\/eldiariodesanpedro.com.ar\/sitio\/wp-json\/wp\/v2\/media\/33384"}],"wp:attachment":[{"href":"https:\/\/eldiariodesanpedro.com.ar\/sitio\/wp-json\/wp\/v2\/media?parent=33694"}],"wp:term":[{"taxonomy":"category","embeddable":true,"href":"https:\/\/eldiariodesanpedro.com.ar\/sitio\/wp-json\/wp\/v2\/categories?post=33694"},{"taxonomy":"post_tag","embeddable":true,"href":"https:\/\/eldiariodesanpedro.com.ar\/sitio\/wp-json\/wp\/v2\/tags?post=33694"}],"curies":[{"name":"wp","href":"https:\/\/api.w.org\/{rel}","templated":true}]}}