{"id":33686,"date":"2018-05-24T20:00:57","date_gmt":"2018-05-24T23:00:57","guid":{"rendered":"https:\/\/eldiariodesanpedro.com.ar\/sitio\/?p=33686"},"modified":"2018-05-24T20:00:57","modified_gmt":"2018-05-24T23:00:57","slug":"lima-gendarmeria-procedio-a-la-aprehension-de-delincuentes-que-robaron-en-baradero","status":"publish","type":"post","link":"https:\/\/eldiariodesanpedro.com.ar\/sitio\/lima-gendarmeria-procedio-a-la-aprehension-de-delincuentes-que-robaron-en-baradero\/","title":{"rendered":"LIMA: Gendarmer\u00eda procedi\u00f3 a la aprehensi\u00f3n de delincuentes que robaron en Baradero"},"content":{"rendered":"<p><!-- VideographyWP Plugin Message: Automatic video embedding prevented by plugin options. --><br \/>\nOcurri\u00f3 este martes por la noche, en el peaje de Lima, donde personal de Gendarmer\u00eda procedi\u00f3 a la aprehensi\u00f3n de dos masculinos.<\/p>\n<p>  Ambos malvivientes de 22 y 29 a\u00f1os son oriundos de General Rodr\u00edguez e iban en un micro de larga distancia, procedente de Baradero, con destino Capital Federal.<\/p>\n<p>  A los mismos se les incaut\u00f3 una soldadora, antiparras, guantes y otros objetos, los cuales hab\u00edan sido sustra\u00eddos momentos antes de la terminal de \u00f3mnibus de Baradero, propiedad de una se\u00f1ora mayor de edad.<\/p>\n<p>  Los involucrados en el hecho permanecen alojados e imputados en orden del delito de Robo, con intervenci\u00f3n de la Fiscal\u00eda en turno.<\/p>\n<p>Fuente: Tu L\u00ednea Directa<\/p>\n","protected":false},"excerpt":{"rendered":"<p>Ocurri\u00f3 este martes por la noche, en el peaje de Lima, donde personal de Gendarmer\u00eda procedi\u00f3 a la aprehensi\u00f3n de dos masculinos. Ambos malvivientes de 22 y 29 a\u00f1os son oriundos de General Rodr\u00edguez e iban en un micro de larga distancia, procedente de Baradero, con destino Capital Federal. A los mismos se les incaut\u00f3 [&hellip;]<\/p>\n","protected":false},"author":4,"featured_media":33688,"comment_status":"open","ping_status":"closed","sticky":false,"template":"","format":"standard","meta":{"om_disable_all_campaigns":false,"_jetpack_memberships_contains_paid_content":false,"footnotes":""},"categories":[621],"tags":[],"class_list":["post-33686","post","type-post","status-publish","format-standard","has-post-thumbnail","hentry","category-regionales"],"aioseo_notices":[],"gutentor_comment":0,"jetpack_featured_media_url":"https:\/\/eldiariodesanpedro.com.ar\/sitio\/wp-content\/uploads\/2018\/05\/detenidos-4.jpg","jetpack_shortlink":"https:\/\/wp.me\/p6RhLt-8Lk","jetpack_sharing_enabled":true,"_links":{"self":[{"href":"https:\/\/eldiariodesanpedro.com.ar\/sitio\/wp-json\/wp\/v2\/posts\/33686","targetHints":{"allow":["GET"]}}],"collection":[{"href":"https:\/\/eldiariodesanpedro.com.ar\/sitio\/wp-json\/wp\/v2\/posts"}],"about":[{"href":"https:\/\/eldiariodesanpedro.com.ar\/sitio\/wp-json\/wp\/v2\/types\/post"}],"author":[{"embeddable":true,"href":"https:\/\/eldiariodesanpedro.com.ar\/sitio\/wp-json\/wp\/v2\/users\/4"}],"replies":[{"embeddable":true,"href":"https:\/\/eldiariodesanpedro.com.ar\/sitio\/wp-json\/wp\/v2\/comments?post=33686"}],"version-history":[{"count":1,"href":"https:\/\/eldiariodesanpedro.com.ar\/sitio\/wp-json\/wp\/v2\/posts\/33686\/revisions"}],"predecessor-version":[{"id":33691,"href":"https:\/\/eldiariodesanpedro.com.ar\/sitio\/wp-json\/wp\/v2\/posts\/33686\/revisions\/33691"}],"wp:featuredmedia":[{"embeddable":true,"href":"https:\/\/eldiariodesanpedro.com.ar\/sitio\/wp-json\/wp\/v2\/media\/33688"}],"wp:attachment":[{"href":"https:\/\/eldiariodesanpedro.com.ar\/sitio\/wp-json\/wp\/v2\/media?parent=33686"}],"wp:term":[{"taxonomy":"category","embeddable":true,"href":"https:\/\/eldiariodesanpedro.com.ar\/sitio\/wp-json\/wp\/v2\/categories?post=33686"},{"taxonomy":"post_tag","embeddable":true,"href":"https:\/\/eldiariodesanpedro.com.ar\/sitio\/wp-json\/wp\/v2\/tags?post=33686"}],"curies":[{"name":"wp","href":"https:\/\/api.w.org\/{rel}","templated":true}]}}