{"id":33684,"date":"2018-05-24T20:11:54","date_gmt":"2018-05-24T23:11:54","guid":{"rendered":"https:\/\/eldiariodesanpedro.com.ar\/sitio\/?p=33684"},"modified":"2018-05-24T20:11:54","modified_gmt":"2018-05-24T23:11:54","slug":"incendio-en-un-quincho-de-una-vivienda","status":"publish","type":"post","link":"https:\/\/eldiariodesanpedro.com.ar\/sitio\/incendio-en-un-quincho-de-una-vivienda\/","title":{"rendered":"Incendio en un quincho de una vivienda"},"content":{"rendered":"<p><!-- VideographyWP Plugin Message: Automatic video embedding prevented by plugin options. --><br \/>\nEn la tarde noche de este jueves alrededor de las 19 hs se produjo un incendio en el quincho de un domicilio.<\/p>\n<p>En la vivienda ubicado en calle Las Provincias 2261 se produjo un incendio en el quincho de la vivienda, mas precisamente en el cielo razo de machimbre y en un dep\u00f3sito donde hab\u00eda pinturas.<\/p>\n<p>En el lugar se hizo presente una dotaci\u00f3n de bomberos a cargo Roman Montenegro quien r\u00e1pidamente sofocaron el fuego sin lamentar victimas.<\/p>\n<p>Seg\u00fan inform\u00f3 Montenegro \u00abEl incendio se dio origen en el dep\u00f3sito con pinturas y luego se propag\u00f3 por la mamposter\u00eda\u00bb.<\/p>\n","protected":false},"excerpt":{"rendered":"<p>En la tarde noche de este jueves alrededor de las 19 hs se produjo un incendio en el quincho de un domicilio. En la vivienda ubicado en calle Las Provincias 2261 se produjo un incendio en el quincho de la vivienda, mas precisamente en el cielo razo de machimbre y en un dep\u00f3sito donde hab\u00eda [&hellip;]<\/p>\n","protected":false},"author":4,"featured_media":33692,"comment_status":"open","ping_status":"closed","sticky":false,"template":"","format":"standard","meta":{"om_disable_all_campaigns":false,"_jetpack_memberships_contains_paid_content":false,"footnotes":""},"categories":[2,103],"tags":[],"class_list":["post-33684","post","type-post","status-publish","format-standard","has-post-thumbnail","hentry","category-locales","category-policiales-locales"],"aioseo_notices":[],"gutentor_comment":0,"jetpack_featured_media_url":"https:\/\/eldiariodesanpedro.com.ar\/sitio\/wp-content\/uploads\/2018\/05\/WhatsApp-Image-2018-05-24-at-19.52.40.jpeg","jetpack_shortlink":"https:\/\/wp.me\/p6RhLt-8Li","jetpack_sharing_enabled":true,"_links":{"self":[{"href":"https:\/\/eldiariodesanpedro.com.ar\/sitio\/wp-json\/wp\/v2\/posts\/33684","targetHints":{"allow":["GET"]}}],"collection":[{"href":"https:\/\/eldiariodesanpedro.com.ar\/sitio\/wp-json\/wp\/v2\/posts"}],"about":[{"href":"https:\/\/eldiariodesanpedro.com.ar\/sitio\/wp-json\/wp\/v2\/types\/post"}],"author":[{"embeddable":true,"href":"https:\/\/eldiariodesanpedro.com.ar\/sitio\/wp-json\/wp\/v2\/users\/4"}],"replies":[{"embeddable":true,"href":"https:\/\/eldiariodesanpedro.com.ar\/sitio\/wp-json\/wp\/v2\/comments?post=33684"}],"version-history":[{"count":1,"href":"https:\/\/eldiariodesanpedro.com.ar\/sitio\/wp-json\/wp\/v2\/posts\/33684\/revisions"}],"predecessor-version":[{"id":33693,"href":"https:\/\/eldiariodesanpedro.com.ar\/sitio\/wp-json\/wp\/v2\/posts\/33684\/revisions\/33693"}],"wp:featuredmedia":[{"embeddable":true,"href":"https:\/\/eldiariodesanpedro.com.ar\/sitio\/wp-json\/wp\/v2\/media\/33692"}],"wp:attachment":[{"href":"https:\/\/eldiariodesanpedro.com.ar\/sitio\/wp-json\/wp\/v2\/media?parent=33684"}],"wp:term":[{"taxonomy":"category","embeddable":true,"href":"https:\/\/eldiariodesanpedro.com.ar\/sitio\/wp-json\/wp\/v2\/categories?post=33684"},{"taxonomy":"post_tag","embeddable":true,"href":"https:\/\/eldiariodesanpedro.com.ar\/sitio\/wp-json\/wp\/v2\/tags?post=33684"}],"curies":[{"name":"wp","href":"https:\/\/api.w.org\/{rel}","templated":true}]}}