{"id":33678,"date":"2018-05-24T18:35:43","date_gmt":"2018-05-24T21:35:43","guid":{"rendered":"https:\/\/eldiariodesanpedro.com.ar\/sitio\/?p=33678"},"modified":"2018-05-24T18:36:54","modified_gmt":"2018-05-24T21:36:54","slug":"una-nina-de-5-anos-habria-sido-abusada-por-un-hombre-de-74","status":"publish","type":"post","link":"https:\/\/eldiariodesanpedro.com.ar\/sitio\/una-nina-de-5-anos-habria-sido-abusada-por-un-hombre-de-74\/","title":{"rendered":"Una ni\u00f1a de 5 a\u00f1os habr\u00eda sido abusada por un hombre de 74"},"content":{"rendered":"<p><!-- VideographyWP Plugin Message: Automatic video embedding prevented by plugin options. --><br \/>\nLa madre de una ni\u00f1a de 5 a\u00f1os denunci\u00f3 que la pareja de la abuela de la ni\u00f1a hab\u00eda abusado sexualmente de ella. La denuncia fue radicada el s\u00e1bado pasado en la Comisar\u00eda de la Mujer, el m\u00e9dico de polic\u00eda constat\u00f3 el aberrante hecho. Al no tener novedades sobre la detenci\u00f3n o la toma de medidas al respecto para con el autor del hecho, decidi\u00f3 contar a trav\u00e9s de las redes sociales y de El Diario de San Pedro lo sucedido, con la intenci\u00f3n de impulsar la resoluci\u00f3n del caso.<\/p>\n<p>  Mar\u00eda, es la madre de la ni\u00f1ita abusada por la pareja de su suegra. Decide hacer p\u00fablica su denuncia para que la causa tome envi\u00f3n y avance hacia la detenci\u00f3n de Hugo Morales, a quien ella denuncia como el perpetrador de este hecho de abuso de menor.<br \/>\n  La ni\u00f1a hab\u00eda ido a dormir a la casa de su abuela, a quien adora y visita todos los fines de semana cuenta su mam\u00e1, y durante la noche llamaron a Mar\u00eda pidi\u00e9ndole que vaya urgente. All\u00ed, la peque\u00f1a confes\u00f3 que este sujeto la tocaba desde hac\u00eda un tiempo. Tras el desgarrador relato de la peque\u00f1a, toda la familia se dirigi\u00f3 a realizar la denuncia a la Comisar\u00eda de la Mujer y, al d\u00eda siguiente concurrieron a la revisi\u00f3n m\u00e9dica, en donde se constat\u00f3 el abuso.<br \/>\n  Habiendo brindado el nombre del agresor y constatado los hechos, ellos esperaban su detenci\u00f3n. Como no fue as\u00ed, Mar\u00eda decidi\u00f3 hacer p\u00fablica la denuncia.<br \/>\n  La peque\u00f1a se encuentra bajo tratamiento psicol\u00f3gico, desde el Jard\u00edn de infantes, al que quiere concurrir como habitualmente lo hac\u00eda, informaron que ellos la encuentran bien, tranquila. \u201cEst\u00e1 bastante tranquila, aunque a veces un poco nerviosa\u201d asegura su mam\u00e1. \u201cLo \u00fanico es que extra\u00f1a a su abuela\u201d.<br \/>\n  Al parecer, el abusador ya ha incurrido en este tipo de delitos, seg\u00fan algunos testimonios \u2018off the record\u2019. Hasta el momento Hugo Moreno de 74 a\u00f1os, est\u00e1 pr\u00f3fugo, se pide a la comunidad que, ante cualquier informaci\u00f3n sobre su paradero, se acerquen a la Comisar\u00eda.<\/p>\n<p><iframe data-src=\"https:\/\/www.facebook.com\/plugins\/video.php?href=https%3A%2F%2Fwww.facebook.com%2Feldiario.desanpedro%2Fvideos%2F772419036300571%2F&#038;show_text=0&#038;width=560\" width=\"560\" height=\"315\" style=\"border:none;overflow:hidden\" scrolling=\"no\" frameborder=\"0\" allowTransparency=\"true\" allowFullScreen=\"true\" src=\"data:image\/svg+xml;base64,PHN2ZyB3aWR0aD0iMSIgaGVpZ2h0PSIxIiB4bWxucz0iaHR0cDovL3d3dy53My5vcmcvMjAwMC9zdmciPjwvc3ZnPg==\" class=\"lazyload\" data-load-mode=\"1\"><\/iframe><\/p>\n","protected":false},"excerpt":{"rendered":"<p>La madre de una ni\u00f1a de 5 a\u00f1os denunci\u00f3 que la pareja de la abuela de la ni\u00f1a hab\u00eda abusado sexualmente de ella. La denuncia fue radicada el s\u00e1bado pasado en la Comisar\u00eda de la Mujer, el m\u00e9dico de polic\u00eda constat\u00f3 el aberrante hecho. Al no tener novedades sobre la detenci\u00f3n o la toma de [&hellip;]<\/p>\n","protected":false},"author":4,"featured_media":33679,"comment_status":"open","ping_status":"closed","sticky":false,"template":"","format":"standard","meta":{"om_disable_all_campaigns":false,"_jetpack_memberships_contains_paid_content":false,"footnotes":""},"categories":[50,2,103],"tags":[],"class_list":["post-33678","post","type-post","status-publish","format-standard","has-post-thumbnail","hentry","category-destacadas","category-locales","category-policiales-locales"],"aioseo_notices":[],"gutentor_comment":0,"jetpack_featured_media_url":"https:\/\/eldiariodesanpedro.com.ar\/sitio\/wp-content\/uploads\/2018\/05\/image_content_23877758_20171016205043.jpg","jetpack_shortlink":"https:\/\/wp.me\/p6RhLt-8Lc","jetpack_sharing_enabled":true,"_links":{"self":[{"href":"https:\/\/eldiariodesanpedro.com.ar\/sitio\/wp-json\/wp\/v2\/posts\/33678","targetHints":{"allow":["GET"]}}],"collection":[{"href":"https:\/\/eldiariodesanpedro.com.ar\/sitio\/wp-json\/wp\/v2\/posts"}],"about":[{"href":"https:\/\/eldiariodesanpedro.com.ar\/sitio\/wp-json\/wp\/v2\/types\/post"}],"author":[{"embeddable":true,"href":"https:\/\/eldiariodesanpedro.com.ar\/sitio\/wp-json\/wp\/v2\/users\/4"}],"replies":[{"embeddable":true,"href":"https:\/\/eldiariodesanpedro.com.ar\/sitio\/wp-json\/wp\/v2\/comments?post=33678"}],"version-history":[{"count":2,"href":"https:\/\/eldiariodesanpedro.com.ar\/sitio\/wp-json\/wp\/v2\/posts\/33678\/revisions"}],"predecessor-version":[{"id":33681,"href":"https:\/\/eldiariodesanpedro.com.ar\/sitio\/wp-json\/wp\/v2\/posts\/33678\/revisions\/33681"}],"wp:featuredmedia":[{"embeddable":true,"href":"https:\/\/eldiariodesanpedro.com.ar\/sitio\/wp-json\/wp\/v2\/media\/33679"}],"wp:attachment":[{"href":"https:\/\/eldiariodesanpedro.com.ar\/sitio\/wp-json\/wp\/v2\/media?parent=33678"}],"wp:term":[{"taxonomy":"category","embeddable":true,"href":"https:\/\/eldiariodesanpedro.com.ar\/sitio\/wp-json\/wp\/v2\/categories?post=33678"},{"taxonomy":"post_tag","embeddable":true,"href":"https:\/\/eldiariodesanpedro.com.ar\/sitio\/wp-json\/wp\/v2\/tags?post=33678"}],"curies":[{"name":"wp","href":"https:\/\/api.w.org\/{rel}","templated":true}]}}