{"id":33676,"date":"2018-05-24T17:39:02","date_gmt":"2018-05-24T20:39:02","guid":{"rendered":"https:\/\/eldiariodesanpedro.com.ar\/sitio\/?p=33676"},"modified":"2018-05-24T17:39:02","modified_gmt":"2018-05-24T20:39:02","slug":"dos-jovenes-asaltados-por-tres-delincuentes","status":"publish","type":"post","link":"https:\/\/eldiariodesanpedro.com.ar\/sitio\/dos-jovenes-asaltados-por-tres-delincuentes\/","title":{"rendered":"Dos jovenes asaltados por tres delincuentes"},"content":{"rendered":"<p><!-- VideographyWP Plugin Message: Automatic video embedding prevented by plugin options. --><br \/>\nDos j\u00f3venes amigos que circulaban en bicicleta fueron interceptados por tres delincuentes quienes  les sustrajeron un celular y una ropa de abrigo.<\/p>\n<p>En el d\u00eda mi\u00e9rcoles un joven de 14 a\u00f1os se hace presente en comisaria junto a su madre para denunciar que hab\u00eda sufrido un robo producido por tres delincuentes.<\/p>\n<p>El hecho ocurri\u00f3 cuando el adolescente  junto a otro que lo acompa\u00f1aba  circulaban en  bicicleta por calle Nieto de Torres y al llegar a intersecci\u00f3n con Belgrano es abordado por tres delincuentes que por medio de amenazas les sustraen el celular y un buzo de algod\u00f3n. Los malvivientes ten\u00edan la cara semicubierta y cuando logran sustraerles sus pertenencias se dan r\u00e1pidamente a la fuga.<\/p>\n","protected":false},"excerpt":{"rendered":"<p>Dos j\u00f3venes amigos que circulaban en bicicleta fueron interceptados por tres delincuentes quienes les sustrajeron un celular y una ropa de abrigo. En el d\u00eda mi\u00e9rcoles un joven de 14 a\u00f1os se hace presente en comisaria junto a su madre para denunciar que hab\u00eda sufrido un robo producido por tres delincuentes. El hecho ocurri\u00f3 cuando [&hellip;]<\/p>\n","protected":false},"author":4,"featured_media":13372,"comment_status":"open","ping_status":"closed","sticky":false,"template":"","format":"standard","meta":{"om_disable_all_campaigns":false,"_jetpack_memberships_contains_paid_content":false,"footnotes":""},"categories":[2,103],"tags":[],"class_list":["post-33676","post","type-post","status-publish","format-standard","has-post-thumbnail","hentry","category-locales","category-policiales-locales"],"aioseo_notices":[],"gutentor_comment":0,"jetpack_featured_media_url":"https:\/\/eldiariodesanpedro.com.ar\/sitio\/wp-content\/uploads\/2017\/01\/Patrulla-4-e1485286120389.jpg","jetpack_shortlink":"https:\/\/wp.me\/p6RhLt-8La","jetpack_sharing_enabled":true,"_links":{"self":[{"href":"https:\/\/eldiariodesanpedro.com.ar\/sitio\/wp-json\/wp\/v2\/posts\/33676","targetHints":{"allow":["GET"]}}],"collection":[{"href":"https:\/\/eldiariodesanpedro.com.ar\/sitio\/wp-json\/wp\/v2\/posts"}],"about":[{"href":"https:\/\/eldiariodesanpedro.com.ar\/sitio\/wp-json\/wp\/v2\/types\/post"}],"author":[{"embeddable":true,"href":"https:\/\/eldiariodesanpedro.com.ar\/sitio\/wp-json\/wp\/v2\/users\/4"}],"replies":[{"embeddable":true,"href":"https:\/\/eldiariodesanpedro.com.ar\/sitio\/wp-json\/wp\/v2\/comments?post=33676"}],"version-history":[{"count":1,"href":"https:\/\/eldiariodesanpedro.com.ar\/sitio\/wp-json\/wp\/v2\/posts\/33676\/revisions"}],"predecessor-version":[{"id":33677,"href":"https:\/\/eldiariodesanpedro.com.ar\/sitio\/wp-json\/wp\/v2\/posts\/33676\/revisions\/33677"}],"wp:featuredmedia":[{"embeddable":true,"href":"https:\/\/eldiariodesanpedro.com.ar\/sitio\/wp-json\/wp\/v2\/media\/13372"}],"wp:attachment":[{"href":"https:\/\/eldiariodesanpedro.com.ar\/sitio\/wp-json\/wp\/v2\/media?parent=33676"}],"wp:term":[{"taxonomy":"category","embeddable":true,"href":"https:\/\/eldiariodesanpedro.com.ar\/sitio\/wp-json\/wp\/v2\/categories?post=33676"},{"taxonomy":"post_tag","embeddable":true,"href":"https:\/\/eldiariodesanpedro.com.ar\/sitio\/wp-json\/wp\/v2\/tags?post=33676"}],"curies":[{"name":"wp","href":"https:\/\/api.w.org\/{rel}","templated":true}]}}