{"id":33673,"date":"2018-05-24T17:01:14","date_gmt":"2018-05-24T20:01:14","guid":{"rendered":"https:\/\/eldiariodesanpedro.com.ar\/sitio\/?p=33673"},"modified":"2018-05-24T17:01:14","modified_gmt":"2018-05-24T20:01:14","slug":"actividades-culturales-en-el-fin-de-semana-largo","status":"publish","type":"post","link":"https:\/\/eldiariodesanpedro.com.ar\/sitio\/actividades-culturales-en-el-fin-de-semana-largo\/","title":{"rendered":"Actividades culturales en el fin de semana largo"},"content":{"rendered":"<p><!-- VideographyWP Plugin Message: Automatic video embedding prevented by plugin options. --><br \/>\nAcompa\u00f1ando las actividades del fin de semana largo, desde ma\u00f1ana viernes 25 de Mayo desde las 10, estar\u00e1n en la Plaza Constituci\u00f3n, artesanos y manualistas sobre Hip\u00f3lito Irigoyen y Pellegrini. <\/p>\n<p>Ademas tambien se realizara la \u00abBiblioheladera\u00bb en la Casona de Turismo, la iniciativa cultural de Daniela Borgo y Rafael Flaiman, quienes conformaron Pynand\u00ed, una biblioheladera itinerante, instalaron la misma este viernes 25 de mayo en la esquina de la Casona de Turismo.<br \/>\nPynand\u00ed funciona en una heladera reciclada, con libros libres para que se los lleven, los lean, los regalen, los compartan, y otros para disfrutar en cada lugar donde se disponga.<\/p>\n<p>El pr\u00f3ximo viernes 25 de mayo  a partir de las 16 hs. el Museo Hist\u00f3rico realizar\u00e1 \u00abEL CHOCOLATE DEL 25\u00bb . Este evento gastron\u00f3mico y cultural se propone, a trav\u00e9s del relato hist\u00f3rico, introducir a los participantes en aquellos d\u00edas del 1810, mientras una mesa elegante los predispone a compartir un rico chocolate caliente acompa\u00f1ado de deliciosas confituras tradicionales. La celebraci\u00f3n culmina con m\u00fasica tradicional y regalos para sortear. <\/p>\n","protected":false},"excerpt":{"rendered":"<p>Acompa\u00f1ando las actividades del fin de semana largo, desde ma\u00f1ana viernes 25 de Mayo desde las 10, estar\u00e1n en la Plaza Constituci\u00f3n, artesanos y manualistas sobre Hip\u00f3lito Irigoyen y Pellegrini. Ademas tambien se realizara la \u00abBiblioheladera\u00bb en la Casona de Turismo, la iniciativa cultural de Daniela Borgo y Rafael Flaiman, quienes conformaron Pynand\u00ed, una biblioheladera [&hellip;]<\/p>\n","protected":false},"author":4,"featured_media":33674,"comment_status":"open","ping_status":"closed","sticky":false,"template":"","format":"standard","meta":{"om_disable_all_campaigns":false,"_jetpack_memberships_contains_paid_content":false,"footnotes":""},"categories":[101,2],"tags":[],"class_list":["post-33673","post","type-post","status-publish","format-standard","has-post-thumbnail","hentry","category-interes-general-locales","category-locales"],"aioseo_notices":[],"gutentor_comment":0,"jetpack_featured_media_url":"https:\/\/eldiariodesanpedro.com.ar\/sitio\/wp-content\/uploads\/2018\/05\/pastedImage-1-3.png","jetpack_shortlink":"https:\/\/wp.me\/p6RhLt-8L7","jetpack_sharing_enabled":true,"_links":{"self":[{"href":"https:\/\/eldiariodesanpedro.com.ar\/sitio\/wp-json\/wp\/v2\/posts\/33673","targetHints":{"allow":["GET"]}}],"collection":[{"href":"https:\/\/eldiariodesanpedro.com.ar\/sitio\/wp-json\/wp\/v2\/posts"}],"about":[{"href":"https:\/\/eldiariodesanpedro.com.ar\/sitio\/wp-json\/wp\/v2\/types\/post"}],"author":[{"embeddable":true,"href":"https:\/\/eldiariodesanpedro.com.ar\/sitio\/wp-json\/wp\/v2\/users\/4"}],"replies":[{"embeddable":true,"href":"https:\/\/eldiariodesanpedro.com.ar\/sitio\/wp-json\/wp\/v2\/comments?post=33673"}],"version-history":[{"count":1,"href":"https:\/\/eldiariodesanpedro.com.ar\/sitio\/wp-json\/wp\/v2\/posts\/33673\/revisions"}],"predecessor-version":[{"id":33675,"href":"https:\/\/eldiariodesanpedro.com.ar\/sitio\/wp-json\/wp\/v2\/posts\/33673\/revisions\/33675"}],"wp:featuredmedia":[{"embeddable":true,"href":"https:\/\/eldiariodesanpedro.com.ar\/sitio\/wp-json\/wp\/v2\/media\/33674"}],"wp:attachment":[{"href":"https:\/\/eldiariodesanpedro.com.ar\/sitio\/wp-json\/wp\/v2\/media?parent=33673"}],"wp:term":[{"taxonomy":"category","embeddable":true,"href":"https:\/\/eldiariodesanpedro.com.ar\/sitio\/wp-json\/wp\/v2\/categories?post=33673"},{"taxonomy":"post_tag","embeddable":true,"href":"https:\/\/eldiariodesanpedro.com.ar\/sitio\/wp-json\/wp\/v2\/tags?post=33673"}],"curies":[{"name":"wp","href":"https:\/\/api.w.org\/{rel}","templated":true}]}}