{"id":33670,"date":"2018-05-24T16:42:43","date_gmt":"2018-05-24T19:42:43","guid":{"rendered":"https:\/\/eldiariodesanpedro.com.ar\/sitio\/?p=33670"},"modified":"2018-05-24T16:42:43","modified_gmt":"2018-05-24T19:42:43","slug":"visita-al-hogar-de-ancianos-por-alumnas-del-programa-envion","status":"publish","type":"post","link":"https:\/\/eldiariodesanpedro.com.ar\/sitio\/visita-al-hogar-de-ancianos-por-alumnas-del-programa-envion\/","title":{"rendered":"Visita al Hogar de Ancianos por alumnas del programa Envion"},"content":{"rendered":"<p><!-- VideographyWP Plugin Message: Automatic video embedding prevented by plugin options. --><br \/>\nEl pasado lunes, alumnas que participan de las capacitaciones impulsadas desde el Programa Envi\u00f3n, con sede en el Centro Comunitario de Villa Depietri realizaron una visita al Hogar de Ancianos. <\/p>\n<p>Compartiendo parte de lo aprendido en el taller de comsetolog\u00eda con algunas de las abuelas que residen all\u00ed, generaron un momento diferente y ameno.<br \/>\nLa capacitaci\u00f3n que reciben las mujeres forma parte del programa \u00abHabitat Naci\u00f3n\u00bb firmado entre la Secretar\u00eda de Vivienda y H\u00e1bitat, del Ministerio del Interior, Obras P\u00fabilicas y Vivienda de la Naci\u00f3n  y la Municipalidad de San Pedro. Aqu\u00ed es coordinado por el \u00c1rea de Redes Comunitarias de la Secretar\u00eda de Desarrollo Humano.<\/p>\n","protected":false},"excerpt":{"rendered":"<p>El pasado lunes, alumnas que participan de las capacitaciones impulsadas desde el Programa Envi\u00f3n, con sede en el Centro Comunitario de Villa Depietri realizaron una visita al Hogar de Ancianos. Compartiendo parte de lo aprendido en el taller de comsetolog\u00eda con algunas de las abuelas que residen all\u00ed, generaron un momento diferente y ameno. La [&hellip;]<\/p>\n","protected":false},"author":4,"featured_media":33671,"comment_status":"open","ping_status":"closed","sticky":false,"template":"","format":"standard","meta":{"om_disable_all_campaigns":false,"_jetpack_memberships_contains_paid_content":false,"footnotes":""},"categories":[101,2],"tags":[],"class_list":["post-33670","post","type-post","status-publish","format-standard","has-post-thumbnail","hentry","category-interes-general-locales","category-locales"],"aioseo_notices":[],"gutentor_comment":0,"jetpack_featured_media_url":"https:\/\/eldiariodesanpedro.com.ar\/sitio\/wp-content\/uploads\/2018\/05\/clubjub.jpg","jetpack_shortlink":"https:\/\/wp.me\/p6RhLt-8L4","jetpack_sharing_enabled":true,"_links":{"self":[{"href":"https:\/\/eldiariodesanpedro.com.ar\/sitio\/wp-json\/wp\/v2\/posts\/33670","targetHints":{"allow":["GET"]}}],"collection":[{"href":"https:\/\/eldiariodesanpedro.com.ar\/sitio\/wp-json\/wp\/v2\/posts"}],"about":[{"href":"https:\/\/eldiariodesanpedro.com.ar\/sitio\/wp-json\/wp\/v2\/types\/post"}],"author":[{"embeddable":true,"href":"https:\/\/eldiariodesanpedro.com.ar\/sitio\/wp-json\/wp\/v2\/users\/4"}],"replies":[{"embeddable":true,"href":"https:\/\/eldiariodesanpedro.com.ar\/sitio\/wp-json\/wp\/v2\/comments?post=33670"}],"version-history":[{"count":1,"href":"https:\/\/eldiariodesanpedro.com.ar\/sitio\/wp-json\/wp\/v2\/posts\/33670\/revisions"}],"predecessor-version":[{"id":33672,"href":"https:\/\/eldiariodesanpedro.com.ar\/sitio\/wp-json\/wp\/v2\/posts\/33670\/revisions\/33672"}],"wp:featuredmedia":[{"embeddable":true,"href":"https:\/\/eldiariodesanpedro.com.ar\/sitio\/wp-json\/wp\/v2\/media\/33671"}],"wp:attachment":[{"href":"https:\/\/eldiariodesanpedro.com.ar\/sitio\/wp-json\/wp\/v2\/media?parent=33670"}],"wp:term":[{"taxonomy":"category","embeddable":true,"href":"https:\/\/eldiariodesanpedro.com.ar\/sitio\/wp-json\/wp\/v2\/categories?post=33670"},{"taxonomy":"post_tag","embeddable":true,"href":"https:\/\/eldiariodesanpedro.com.ar\/sitio\/wp-json\/wp\/v2\/tags?post=33670"}],"curies":[{"name":"wp","href":"https:\/\/api.w.org\/{rel}","templated":true}]}}