{"id":33667,"date":"2018-05-24T16:30:12","date_gmt":"2018-05-24T19:30:12","guid":{"rendered":"https:\/\/eldiariodesanpedro.com.ar\/sitio\/?p=33667"},"modified":"2018-05-24T16:30:12","modified_gmt":"2018-05-24T19:30:12","slug":"reparaciones-sobre-ruta-1001","status":"publish","type":"post","link":"https:\/\/eldiariodesanpedro.com.ar\/sitio\/reparaciones-sobre-ruta-1001\/","title":{"rendered":"Reparaciones sobre Ruta 1001"},"content":{"rendered":"<p><!-- VideographyWP Plugin Message: Automatic video embedding prevented by plugin options. --><br \/>\nLa empresa responsable de la repavimentaci\u00f3n de la Ruta 1001 a trav\u00e9s de una contratista convocada para tal fin, se encuentra realizando a su cargo, tareas de reparaci\u00f3n en diferentes zonas de la traza. Aprovechando las condiciones clim\u00e1ticas favorables, una cuadrilla viene cumpliendo con las tareas solicitadas en los sectores que presentaron alg\u00fan inconveniente. Junto a los trabajos se realizan los operativos de control de tr\u00e1nsito para desviar a hacia alguno de los carriles, solicitando a los que recorren la zona que disminuyan la velocidad o aguarden algunos minutos para poder continuar. Seg\u00fan lo adelantado, los trabajos se extender\u00e1n durante al menos una semana m\u00e1s.<\/p>\n","protected":false},"excerpt":{"rendered":"<p>La empresa responsable de la repavimentaci\u00f3n de la Ruta 1001 a trav\u00e9s de una contratista convocada para tal fin, se encuentra realizando a su cargo, tareas de reparaci\u00f3n en diferentes zonas de la traza. Aprovechando las condiciones clim\u00e1ticas favorables, una cuadrilla viene cumpliendo con las tareas solicitadas en los sectores que presentaron alg\u00fan inconveniente. Junto [&hellip;]<\/p>\n","protected":false},"author":4,"featured_media":33668,"comment_status":"open","ping_status":"closed","sticky":false,"template":"","format":"standard","meta":{"om_disable_all_campaigns":false,"_jetpack_memberships_contains_paid_content":false,"footnotes":""},"categories":[101,2],"tags":[],"class_list":["post-33667","post","type-post","status-publish","format-standard","has-post-thumbnail","hentry","category-interes-general-locales","category-locales"],"aioseo_notices":[],"gutentor_comment":0,"jetpack_featured_media_url":"https:\/\/eldiariodesanpedro.com.ar\/sitio\/wp-content\/uploads\/2018\/05\/ruta100120182.jpg","jetpack_shortlink":"https:\/\/wp.me\/p6RhLt-8L1","jetpack_sharing_enabled":true,"_links":{"self":[{"href":"https:\/\/eldiariodesanpedro.com.ar\/sitio\/wp-json\/wp\/v2\/posts\/33667","targetHints":{"allow":["GET"]}}],"collection":[{"href":"https:\/\/eldiariodesanpedro.com.ar\/sitio\/wp-json\/wp\/v2\/posts"}],"about":[{"href":"https:\/\/eldiariodesanpedro.com.ar\/sitio\/wp-json\/wp\/v2\/types\/post"}],"author":[{"embeddable":true,"href":"https:\/\/eldiariodesanpedro.com.ar\/sitio\/wp-json\/wp\/v2\/users\/4"}],"replies":[{"embeddable":true,"href":"https:\/\/eldiariodesanpedro.com.ar\/sitio\/wp-json\/wp\/v2\/comments?post=33667"}],"version-history":[{"count":1,"href":"https:\/\/eldiariodesanpedro.com.ar\/sitio\/wp-json\/wp\/v2\/posts\/33667\/revisions"}],"predecessor-version":[{"id":33669,"href":"https:\/\/eldiariodesanpedro.com.ar\/sitio\/wp-json\/wp\/v2\/posts\/33667\/revisions\/33669"}],"wp:featuredmedia":[{"embeddable":true,"href":"https:\/\/eldiariodesanpedro.com.ar\/sitio\/wp-json\/wp\/v2\/media\/33668"}],"wp:attachment":[{"href":"https:\/\/eldiariodesanpedro.com.ar\/sitio\/wp-json\/wp\/v2\/media?parent=33667"}],"wp:term":[{"taxonomy":"category","embeddable":true,"href":"https:\/\/eldiariodesanpedro.com.ar\/sitio\/wp-json\/wp\/v2\/categories?post=33667"},{"taxonomy":"post_tag","embeddable":true,"href":"https:\/\/eldiariodesanpedro.com.ar\/sitio\/wp-json\/wp\/v2\/tags?post=33667"}],"curies":[{"name":"wp","href":"https:\/\/api.w.org\/{rel}","templated":true}]}}