{"id":33664,"date":"2018-05-24T16:21:22","date_gmt":"2018-05-24T19:21:22","guid":{"rendered":"https:\/\/eldiariodesanpedro.com.ar\/sitio\/?p=33664"},"modified":"2018-05-24T16:21:22","modified_gmt":"2018-05-24T19:21:22","slug":"san-pedro-en-el-primer-grupo-de-municipios-incluidos","status":"publish","type":"post","link":"https:\/\/eldiariodesanpedro.com.ar\/sitio\/san-pedro-en-el-primer-grupo-de-municipios-incluidos\/","title":{"rendered":"San Pedro en el primer grupo de municipios incluidos"},"content":{"rendered":"<p><!-- VideographyWP Plugin Message: Automatic video embedding prevented by plugin options. --><br \/>\nLa Secretar\u00eda de Desarrollo Humano de la Municipalidad de San Pedro, Karina Chiarella particip\u00f3 este martes 22 de mayo en la Casa de la Provincia de Buenos Aires de la entrega de las credenciales para acceder al Fondo de Emergencia destinado a asistir a mujeres v\u00edctimas de violencia de g\u00e9nero.<\/p>\n<p>La Secretar\u00eda de Derechos Humanos present\u00f3 en este marco un sistema de asistencia para casos de violencia de g\u00e9nero . Consiste en la entrega de una tarjeta de d\u00e9bito a municipios para que a trav\u00e9s de las \u00e1reas de g\u00e9nero, se puedan solventar emergencias de mujeres en situaci\u00f3n de violencia, tales como: alojamiento, alimentaci\u00f3n, medicamentos, etc\u00e9tera, de manera r\u00e1pida y eficiente.<\/p>\n<p>San Pedro est\u00e1 dentro del grupo de 21 municipios recibi\u00f3 hoy la tarjeta para la implementaci\u00f3n del fondo de emergencia. De la entrega particip\u00f3 la presidenta del Instituto Provincial de G\u00e9nero y Diversidad Sexual de la Secretar\u00eda de Derechos Humanos,  Agustina Ayll\u00f3n.<\/p>\n<p>Este fondo est\u00e1 destinado a mejorar la calidad de respuesta frente a situaciones de emergencia. No es un subsidio, se trata de un fondo que est\u00e1 disponible para que el municipio pueda dar respuesta directa a las necesidades requeridas por mujeres v\u00edctimas de violencia de g\u00e9nero.<\/p>\n<p>En la presentaci\u00f3n se destac\u00f3 que el fondo ya exist\u00eda como parte del Plan de G\u00e9nero y que lo que se intenta es establecer una manera de aplicarlo m\u00e1s efectiva.<\/p>\n","protected":false},"excerpt":{"rendered":"<p>La Secretar\u00eda de Desarrollo Humano de la Municipalidad de San Pedro, Karina Chiarella particip\u00f3 este martes 22 de mayo en la Casa de la Provincia de Buenos Aires de la entrega de las credenciales para acceder al Fondo de Emergencia destinado a asistir a mujeres v\u00edctimas de violencia de g\u00e9nero. La Secretar\u00eda de Derechos Humanos [&hellip;]<\/p>\n","protected":false},"author":4,"featured_media":33665,"comment_status":"open","ping_status":"closed","sticky":false,"template":"","format":"standard","meta":{"om_disable_all_campaigns":false,"_jetpack_memberships_contains_paid_content":false,"footnotes":""},"categories":[101,2],"tags":[],"class_list":["post-33664","post","type-post","status-publish","format-standard","has-post-thumbnail","hentry","category-interes-general-locales","category-locales"],"aioseo_notices":[],"gutentor_comment":0,"jetpack_featured_media_url":"https:\/\/eldiariodesanpedro.com.ar\/sitio\/wp-content\/uploads\/2018\/05\/pastedImage-5.png","jetpack_shortlink":"https:\/\/wp.me\/p6RhLt-8KY","jetpack_sharing_enabled":true,"_links":{"self":[{"href":"https:\/\/eldiariodesanpedro.com.ar\/sitio\/wp-json\/wp\/v2\/posts\/33664","targetHints":{"allow":["GET"]}}],"collection":[{"href":"https:\/\/eldiariodesanpedro.com.ar\/sitio\/wp-json\/wp\/v2\/posts"}],"about":[{"href":"https:\/\/eldiariodesanpedro.com.ar\/sitio\/wp-json\/wp\/v2\/types\/post"}],"author":[{"embeddable":true,"href":"https:\/\/eldiariodesanpedro.com.ar\/sitio\/wp-json\/wp\/v2\/users\/4"}],"replies":[{"embeddable":true,"href":"https:\/\/eldiariodesanpedro.com.ar\/sitio\/wp-json\/wp\/v2\/comments?post=33664"}],"version-history":[{"count":1,"href":"https:\/\/eldiariodesanpedro.com.ar\/sitio\/wp-json\/wp\/v2\/posts\/33664\/revisions"}],"predecessor-version":[{"id":33666,"href":"https:\/\/eldiariodesanpedro.com.ar\/sitio\/wp-json\/wp\/v2\/posts\/33664\/revisions\/33666"}],"wp:featuredmedia":[{"embeddable":true,"href":"https:\/\/eldiariodesanpedro.com.ar\/sitio\/wp-json\/wp\/v2\/media\/33665"}],"wp:attachment":[{"href":"https:\/\/eldiariodesanpedro.com.ar\/sitio\/wp-json\/wp\/v2\/media?parent=33664"}],"wp:term":[{"taxonomy":"category","embeddable":true,"href":"https:\/\/eldiariodesanpedro.com.ar\/sitio\/wp-json\/wp\/v2\/categories?post=33664"},{"taxonomy":"post_tag","embeddable":true,"href":"https:\/\/eldiariodesanpedro.com.ar\/sitio\/wp-json\/wp\/v2\/tags?post=33664"}],"curies":[{"name":"wp","href":"https:\/\/api.w.org\/{rel}","templated":true}]}}