{"id":33661,"date":"2018-05-23T23:20:15","date_gmt":"2018-05-24T02:20:15","guid":{"rendered":"https:\/\/eldiariodesanpedro.com.ar\/sitio\/?p=33661"},"modified":"2018-05-23T23:20:15","modified_gmt":"2018-05-24T02:20:15","slug":"fallecio-el-pintor-hugo-molina","status":"publish","type":"post","link":"https:\/\/eldiariodesanpedro.com.ar\/sitio\/fallecio-el-pintor-hugo-molina\/","title":{"rendered":"Falleci\u00f3 el pintor Hugo Molina"},"content":{"rendered":"<p><!-- VideographyWP Plugin Message: Automatic video embedding prevented by plugin options. --><br \/>\nEn la noche de este mi\u00e9rcoles se conoci\u00f3 la triste noticia falleci\u00f3 Hugo Molina de 56 a\u00f1os.<\/p>\n<p>Molina se encontraba internado en el hospital San Felipe de San Nicol\u00e1s luego de haber sido trasladado desde el hospital Emilio Ruffa el pasado 24 de abril luego de que la familia reclamara por conseguir el traslado a un nosocomio de mayor complejidad. <\/p>\n<p>Recordemos que el pintor se encontraba trabajando el 17 de abril en un domicilio ubicado en calle Miguel Porta al 700 y en un accidente recibe una descarga el\u00e9ctrica que le hace caer desde el techo de la vivenda. <\/p>\n<p>Una vez en la guardia se determin\u00f3 en primera instancia que el hombre ten\u00eda un hematoma que le ejerce presi\u00f3n al cerebro lo que complicaba su estado de salud. <\/p>\n<p>Una vez trasladado a San Nicol\u00e1s los m\u00e9dicos de ese nosocomio determinaron que presentaba problemas en el p\u00e1ncreas, muerte en la mitad de su cerebro y una fractura en la columna vertebral por lo que ya no volver\u00eda a caminar. <\/p>\n<p>A pesar de un gran esfuerzo por los medicos de salvar su vida este mi\u00e9rcoles 23 de mayo alrededor de las 20 hs el pintor lamentablemente falleci\u00f3. <\/p>\n","protected":false},"excerpt":{"rendered":"<p>En la noche de este mi\u00e9rcoles se conoci\u00f3 la triste noticia falleci\u00f3 Hugo Molina de 56 a\u00f1os. Molina se encontraba internado en el hospital San Felipe de San Nicol\u00e1s luego de haber sido trasladado desde el hospital Emilio Ruffa el pasado 24 de abril luego de que la familia reclamara por conseguir el traslado a [&hellip;]<\/p>\n","protected":false},"author":4,"featured_media":32197,"comment_status":"open","ping_status":"closed","sticky":false,"template":"","format":"standard","meta":{"om_disable_all_campaigns":false,"_jetpack_memberships_contains_paid_content":false,"footnotes":""},"categories":[101,2],"tags":[],"class_list":["post-33661","post","type-post","status-publish","format-standard","has-post-thumbnail","hentry","category-interes-general-locales","category-locales"],"aioseo_notices":[],"gutentor_comment":0,"jetpack_featured_media_url":"https:\/\/eldiariodesanpedro.com.ar\/sitio\/wp-content\/uploads\/2018\/04\/20180424_232739.jpg","jetpack_shortlink":"https:\/\/wp.me\/p6RhLt-8KV","jetpack_sharing_enabled":true,"_links":{"self":[{"href":"https:\/\/eldiariodesanpedro.com.ar\/sitio\/wp-json\/wp\/v2\/posts\/33661","targetHints":{"allow":["GET"]}}],"collection":[{"href":"https:\/\/eldiariodesanpedro.com.ar\/sitio\/wp-json\/wp\/v2\/posts"}],"about":[{"href":"https:\/\/eldiariodesanpedro.com.ar\/sitio\/wp-json\/wp\/v2\/types\/post"}],"author":[{"embeddable":true,"href":"https:\/\/eldiariodesanpedro.com.ar\/sitio\/wp-json\/wp\/v2\/users\/4"}],"replies":[{"embeddable":true,"href":"https:\/\/eldiariodesanpedro.com.ar\/sitio\/wp-json\/wp\/v2\/comments?post=33661"}],"version-history":[{"count":1,"href":"https:\/\/eldiariodesanpedro.com.ar\/sitio\/wp-json\/wp\/v2\/posts\/33661\/revisions"}],"predecessor-version":[{"id":33662,"href":"https:\/\/eldiariodesanpedro.com.ar\/sitio\/wp-json\/wp\/v2\/posts\/33661\/revisions\/33662"}],"wp:featuredmedia":[{"embeddable":true,"href":"https:\/\/eldiariodesanpedro.com.ar\/sitio\/wp-json\/wp\/v2\/media\/32197"}],"wp:attachment":[{"href":"https:\/\/eldiariodesanpedro.com.ar\/sitio\/wp-json\/wp\/v2\/media?parent=33661"}],"wp:term":[{"taxonomy":"category","embeddable":true,"href":"https:\/\/eldiariodesanpedro.com.ar\/sitio\/wp-json\/wp\/v2\/categories?post=33661"},{"taxonomy":"post_tag","embeddable":true,"href":"https:\/\/eldiariodesanpedro.com.ar\/sitio\/wp-json\/wp\/v2\/tags?post=33661"}],"curies":[{"name":"wp","href":"https:\/\/api.w.org\/{rel}","templated":true}]}}