{"id":33655,"date":"2018-05-23T21:20:54","date_gmt":"2018-05-24T00:20:54","guid":{"rendered":"https:\/\/eldiariodesanpedro.com.ar\/sitio\/?p=33655"},"modified":"2026-01-24T00:13:34","modified_gmt":"2026-01-24T03:13:34","slug":"patin-artistico-el-nacional-de-san-juan-ya-esta-en-marcha","status":"publish","type":"post","link":"https:\/\/eldiariodesanpedro.com.ar\/sitio\/patin-artistico-el-nacional-de-san-juan-ya-esta-en-marcha\/","title":{"rendered":"PAT\u00cdN ART\u00cdSTICO: El Nacional de San Juan ya est\u00e1 en marcha"},"content":{"rendered":"<p><!-- VideographyWP Plugin Message: Automatic video embedding prevented by plugin options. --><br \/>\n  Compiti\u00f3 Serena Mu\u00f1oz (Club Mitre) en las dos disciplinas: en libre y en figuras obligatorias entre 29 patinadoras. En las dos disciplinas obtuvo el 11\u00b0 puesto. El s\u00e1bado compite Camila Cabezas, quien es zarate\u00f1a y entrena en Mitre. El evento es el Nacional de Pat\u00edn Art\u00edstico en el Estadio Aldo Cantoni de San Juan. Junto a las patinadoras est\u00e1 la profesora Ma. Paula Ferreyra. Est\u00e1n compitiendo al cierre de esta edici\u00f3n Abril Medina Casco, quien compite el d\u00eda jueves 24 y Nayarit P\u00e9rez quien lo har\u00e1 el viernes 25, ambas de Pescadores, y las representantes de Paran\u00e1 FC Alisa P\u00e1ez y Sof\u00eda Baca.<\/p>\n","protected":false},"excerpt":{"rendered":"<p>Compiti\u00f3 Serena Mu\u00f1oz (Club Mitre) en las dos disciplinas: en libre y en figuras obligatorias entre 29 patinadoras. En las dos disciplinas obtuvo el 11\u00b0 puesto. El s\u00e1bado compite Camila Cabezas, quien es zarate\u00f1a y entrena en Mitre. El evento es el Nacional de Pat\u00edn Art\u00edstico en el Estadio Aldo Cantoni de San Juan. Junto [&hellip;]<\/p>\n","protected":false},"author":4,"featured_media":16122,"comment_status":"open","ping_status":"closed","sticky":false,"template":"","format":"standard","meta":{"om_disable_all_campaigns":false,"_jetpack_memberships_contains_paid_content":false,"footnotes":""},"categories":[5],"tags":[],"class_list":["post-33655","post","type-post","status-publish","format-standard","has-post-thumbnail","hentry","category-deportes"],"aioseo_notices":[],"gutentor_comment":0,"jetpack_featured_media_url":"https:\/\/eldiariodesanpedro.com.ar\/sitio\/wp-content\/uploads\/2017\/03\/Patin-Artistico-Sudamericano.jpg","jetpack_shortlink":"https:\/\/wp.me\/p6RhLt-8KP","jetpack_sharing_enabled":true,"_links":{"self":[{"href":"https:\/\/eldiariodesanpedro.com.ar\/sitio\/wp-json\/wp\/v2\/posts\/33655","targetHints":{"allow":["GET"]}}],"collection":[{"href":"https:\/\/eldiariodesanpedro.com.ar\/sitio\/wp-json\/wp\/v2\/posts"}],"about":[{"href":"https:\/\/eldiariodesanpedro.com.ar\/sitio\/wp-json\/wp\/v2\/types\/post"}],"author":[{"embeddable":true,"href":"https:\/\/eldiariodesanpedro.com.ar\/sitio\/wp-json\/wp\/v2\/users\/4"}],"replies":[{"embeddable":true,"href":"https:\/\/eldiariodesanpedro.com.ar\/sitio\/wp-json\/wp\/v2\/comments?post=33655"}],"version-history":[{"count":1,"href":"https:\/\/eldiariodesanpedro.com.ar\/sitio\/wp-json\/wp\/v2\/posts\/33655\/revisions"}],"predecessor-version":[{"id":33658,"href":"https:\/\/eldiariodesanpedro.com.ar\/sitio\/wp-json\/wp\/v2\/posts\/33655\/revisions\/33658"}],"wp:featuredmedia":[{"embeddable":true,"href":"https:\/\/eldiariodesanpedro.com.ar\/sitio\/wp-json\/wp\/v2\/media\/16122"}],"wp:attachment":[{"href":"https:\/\/eldiariodesanpedro.com.ar\/sitio\/wp-json\/wp\/v2\/media?parent=33655"}],"wp:term":[{"taxonomy":"category","embeddable":true,"href":"https:\/\/eldiariodesanpedro.com.ar\/sitio\/wp-json\/wp\/v2\/categories?post=33655"},{"taxonomy":"post_tag","embeddable":true,"href":"https:\/\/eldiariodesanpedro.com.ar\/sitio\/wp-json\/wp\/v2\/tags?post=33655"}],"curies":[{"name":"wp","href":"https:\/\/api.w.org\/{rel}","templated":true}]}}