{"id":33652,"date":"2018-05-23T21:19:05","date_gmt":"2018-05-24T00:19:05","guid":{"rendered":"https:\/\/eldiariodesanpedro.com.ar\/sitio\/?p=33652"},"modified":"2026-01-24T00:13:34","modified_gmt":"2026-01-24T03:13:34","slug":"ciclismo-podios-en-el-argentino-junior-de-paz-culicinio-y-genoud","status":"publish","type":"post","link":"https:\/\/eldiariodesanpedro.com.ar\/sitio\/ciclismo-podios-en-el-argentino-junior-de-paz-culicinio-y-genoud\/","title":{"rendered":"CICLISMO: Podios en el Argentino Junior de Paz, Culicinio y Genoud"},"content":{"rendered":"<p><!-- VideographyWP Plugin Message: Automatic video embedding prevented by plugin options. --><br \/>\n  Final del Campeonato Argentino de Pista Junior, realizado durante el \u00faltimo fin de semana en el Vel\u00f3dromo de Esperanza, Provincia de Santa Fe y, donde una delegaci\u00f3n destacada de j\u00f3venes representantes de nuestro ciclismo obtuvo 4 medallas, 2 de Oro y 2 de Bronce. Las doradas, conseguidas por Juan Jos\u00e9 Paz en Persecuci\u00f3n Individual y Persecuci\u00f3n por Equipos (Cuarteta), mientras, las de Bronce fueron logradas por Nicol\u00e1s Augusto Culicinio en Velocidad y Estanislao Genoud en Persecuci\u00f3n por Equipos.<\/p>\n<p>  Notoria participaci\u00f3n de los deportistas integrantes de la prestigiosa embajada de San Pedro en cual compitieron igualmente Francisco Chipolini, (5to. En Vueltas Puntables), Brenda Paz (8va. Vueltas Puntables) y Lautaro Chipolini.<\/p>\n<p><em>FINAL Persecuci\u00f3n por Equipo: VARONES JUNIOR<\/em><br \/>\nORO: Juan Jos\u00e9 Paz (SAN PEDRO) Asociaci\u00f3n Ciclista Juninense<br \/>\nORO: Agust\u00edn Del Negro (Roque P\u00e9rez) A.C.J.<br \/>\nORO: Renzo Nicol\u00e1s Martins (Bragado) A.C.J.<br \/>\nORO: Juan Antonio Salazar (Lincoln) A.C.J.<\/p>\n<p>PLATA: Alan Joel Celentano (Balcarce) Mar y Sierras<br \/>\nPLATA: Ari\u00e1n Echeverry (San Miguel del Monte) Mar y Sierras<br \/>\nPLATA: Brian Agust\u00edn Ram\u00edrez (Dolores) Mar y Sierras)<br \/>\nPLATA: Jorge Rosario Sacucci (Mar y Sierras)<\/p>\n<p>BRONCE: Emanuel Tolosa (Saladillo) Pueblo de la Paz<br \/>\nBRONCE: Estanislao Genoud (SAN PEDRO) Pueblo de la Paz<br \/>\nBRONCE: Thomas Giovanelli (Roque P\u00e9rez) Pueblo de la Paz<br \/>\nBRONCE: Marcos Loreto (La Plata) Pueblo de la Paz<\/p>\n<p>4\u00b0 Federico Guttlein (Venado Tuerto) Litoral Santafesino<br \/>\n4 \u00b0 Nicol\u00e1s Maidana (Ca\u00f1ada de G\u00f3mez) Litoral Santafesino<br \/>\n4 \u00b0 Tom\u00e1s Chiachiarini (Venado Tuerto) Litoral Santafesino<br \/>\n4\u00b0 Juan Ignacio Periales (Sancti spiritus) Litoral Santafesino<\/p>\n<p><em>Vueltas Puntables VARONES 2002<\/em><br \/>\nCampe\u00f3n: Rodrigo Daniel D\u00edaz (San Juan) 33 Pts.<br \/>\nSub Campe\u00f3n: Rodrigo Corro (9 de Julio) 17 Pts.<br \/>\nTercero: Jonathan Gabriel Almada (Corrientes) 16 Pts.<br \/>\n4\u00b0 Lautaro Ram\u00edrez (Santiago del Estero)<br \/>\n5\u00b0 Francisco Chipolini (SAN PEDRO)<br \/>\n6\u00b0 Santiago Ledesma (San Luis)<br \/>\n7\u00b0 Nicol\u00e1s Maidana (Ca\u00f1ada de G\u00f3mez)<br \/>\n8\u00b0 Lukas Dundic (Salto)<br \/>\n9\u00b0 Mat\u00edas Ezequiel Rosales (Mar del Plata)<br \/>\n10\u00b0 Genaro Joaqu\u00edn N\u00fa\u00f1ez (Entre R\u00edos)<\/p>\n<p><strong>El viernes 25 de mayo gran festival en el Panor\u00e1mico del Oeste<\/strong><br \/>\n  Pro Ciclismo San Pedro anuncia un programa de ciclismo en su circuito para todas las categor\u00edas desde las 11:30 hs. \u00abGran Premio Medallistas Sampedrinos\u00bb, festejando las tres preseas logradas en el Campeonato Argentino de Pista Junior, realizado durante el \u00faltimo fin de semana en el Vel\u00f3dromo de Esperanza, Provincia de Santa Fe dos de oro logradas por Juan Jos\u00e9 Paz, en Persecuci\u00f3n Individual y Persecuci\u00f3n por Equipos, (Cuarteta), mientras las de Bronce, fueron de Nicol\u00e1s Augusto Culicinio en Velocidad y Estanislao Genoud, Persecuci\u00f3n por Equipo.<br \/>\n  Dar\u00e1 inicio con la \u00abPe\u00f1a Sampedrinos\u00bb, luego M\u00e1ster \u00abD\u00bb, Infantiles, Menores, M\u00e1ster \u00abC\u00bb y Mayores para culminar el festival con Promocional, M\u00e1ster \u00abA\u00bb, \u00abB\u00bb e Invitados.<\/p>\n<p><strong>Varios sampedrinos en San Nicol\u00e1s<\/strong><br \/>\n  Este domingo 20 de mayo, se efectu\u00f3 la segunda fecha del campeonato en el Club Ciclista San Nicol\u00e1s, arrojando excelentes resultados. El d\u00eda estuvo maravilloso, ideal para disfrutar del espect\u00e1culo cicl\u00edstico que emanan los pedalistas que siempre se acercan a participar en la pista Roberto &#8216;Poto&#8217; Enrico.<br \/>\n  Los ganadores de las distintas categor\u00edas fueron: 2012-2013, Maximiliano Tognato (Casilda); 2010-2011, Joaqu\u00edn Garc\u00eda (San Nicol\u00e1s); 2008-2009, Federico Vel\u00e1zquez (San Nicol\u00e1s); 2006-2007, Bautista Nichea (San Nicol\u00e1s); 2004-2005, Facundo Gelosi (Bell Ville); Inactivos Mayores De 40 A\u00f1os, Iv\u00e1n D\u00edaz (Capit\u00e1n Sarmiento); Inactivos Menores De 40 A\u00f1os, Luciano L\u00f3pez (Rosario); Master C, D y Damas, Claudio Varela (Arrecifes); Master D\u201d y Damas, Juan Valori (San Nicol\u00e1s); Promocionales y Juveniles, Cristian Monz\u00f3n (San Pedro); Master A y B, Diego Torres (Arrecifes); Master B, Diego Rozie (San Lorenzo); Elite, Sub 23 y Junior, Hugo Vel\u00e1zquez (San Nicol\u00e1s), sumando un total de 125 competidores.<\/p>\n<p><em>2012-2013<\/em><br \/>\n1\u00b0 Maximiliano Tognato (Casilda)<br \/>\n2\u00b0 Justin Giuliani (San Pedro)<br \/>\n3\u00b0 Tian Costa (Pergamino)<\/p>\n<p><em>2010-2011<\/em><br \/>\n1\u00b0 Joaqu\u00edn Garc\u00eda (San Nicol\u00e1s)<br \/>\n2\u00b0 Laureano Cardozo (San Pedro)<br \/>\n3\u00b0 Thiago Gonz\u00e1lez (San Lorenzo)<\/p>\n<p><em>PROMOCIONALES y JUVENILES<\/em><br \/>\n1\u00b0 Cristian Monz\u00f3n (San Pedro)<br \/>\n2\u00b0 Lucas Cardozo (San Pedro)<br \/>\n3\u00b0 Adri\u00e1n Mendoza (San Pedro)<br \/>\n4\u00b0 Jerem\u00edas Mu\u00f1oz (San Andr\u00e9s de Giles)<br \/>\n5\u00b0 Agust\u00edn Bola\u00f1ez (San Nicol\u00e1s)<\/p>\n<p><em>ELITE, SUB 23 y JUNIOR<\/em><br \/>\n1\u00b0 Hugo Vel\u00e1zquez (San Nicol\u00e1s)<br \/>\n2\u00b0 Marcos Rodr\u00edguez (Pergamino)<br \/>\n3\u00b0 Luciano Pereyra (Rosario)<br \/>\n4\u00b0 Federico Ojeda (Pergamino)<br \/>\n5\u00b0 Mariano Manzo (San Pedro)<\/p>\n","protected":false},"excerpt":{"rendered":"<p>Final del Campeonato Argentino de Pista Junior, realizado durante el \u00faltimo fin de semana en el Vel\u00f3dromo de Esperanza, Provincia de Santa Fe y, donde una delegaci\u00f3n destacada de j\u00f3venes representantes de nuestro ciclismo obtuvo 4 medallas, 2 de Oro y 2 de Bronce. Las doradas, conseguidas por Juan Jos\u00e9 Paz en Persecuci\u00f3n Individual y [&hellip;]<\/p>\n","protected":false},"author":4,"featured_media":24046,"comment_status":"open","ping_status":"closed","sticky":false,"template":"","format":"standard","meta":{"om_disable_all_campaigns":false,"_jetpack_memberships_contains_paid_content":false,"footnotes":""},"categories":[5],"tags":[],"class_list":["post-33652","post","type-post","status-publish","format-standard","has-post-thumbnail","hentry","category-deportes"],"aioseo_notices":[],"gutentor_comment":0,"jetpack_featured_media_url":"https:\/\/eldiariodesanpedro.com.ar\/sitio\/wp-content\/uploads\/2017\/10\/ciclismo-2.jpg","jetpack_shortlink":"https:\/\/wp.me\/p6RhLt-8KM","jetpack_sharing_enabled":true,"_links":{"self":[{"href":"https:\/\/eldiariodesanpedro.com.ar\/sitio\/wp-json\/wp\/v2\/posts\/33652","targetHints":{"allow":["GET"]}}],"collection":[{"href":"https:\/\/eldiariodesanpedro.com.ar\/sitio\/wp-json\/wp\/v2\/posts"}],"about":[{"href":"https:\/\/eldiariodesanpedro.com.ar\/sitio\/wp-json\/wp\/v2\/types\/post"}],"author":[{"embeddable":true,"href":"https:\/\/eldiariodesanpedro.com.ar\/sitio\/wp-json\/wp\/v2\/users\/4"}],"replies":[{"embeddable":true,"href":"https:\/\/eldiariodesanpedro.com.ar\/sitio\/wp-json\/wp\/v2\/comments?post=33652"}],"version-history":[{"count":1,"href":"https:\/\/eldiariodesanpedro.com.ar\/sitio\/wp-json\/wp\/v2\/posts\/33652\/revisions"}],"predecessor-version":[{"id":33656,"href":"https:\/\/eldiariodesanpedro.com.ar\/sitio\/wp-json\/wp\/v2\/posts\/33652\/revisions\/33656"}],"wp:featuredmedia":[{"embeddable":true,"href":"https:\/\/eldiariodesanpedro.com.ar\/sitio\/wp-json\/wp\/v2\/media\/24046"}],"wp:attachment":[{"href":"https:\/\/eldiariodesanpedro.com.ar\/sitio\/wp-json\/wp\/v2\/media?parent=33652"}],"wp:term":[{"taxonomy":"category","embeddable":true,"href":"https:\/\/eldiariodesanpedro.com.ar\/sitio\/wp-json\/wp\/v2\/categories?post=33652"},{"taxonomy":"post_tag","embeddable":true,"href":"https:\/\/eldiariodesanpedro.com.ar\/sitio\/wp-json\/wp\/v2\/tags?post=33652"}],"curies":[{"name":"wp","href":"https:\/\/api.w.org\/{rel}","templated":true}]}}