{"id":33646,"date":"2018-05-23T21:12:47","date_gmt":"2018-05-24T00:12:47","guid":{"rendered":"https:\/\/eldiariodesanpedro.com.ar\/sitio\/?p=33646"},"modified":"2026-01-24T00:13:34","modified_gmt":"2026-01-24T03:13:34","slug":"futbol-infantil-la-liga-infantil-dispuso-jugar-las-fechas-9-y-10-del-torneo-apertura-con-este-programa-de-partidos","status":"publish","type":"post","link":"https:\/\/eldiariodesanpedro.com.ar\/sitio\/futbol-infantil-la-liga-infantil-dispuso-jugar-las-fechas-9-y-10-del-torneo-apertura-con-este-programa-de-partidos\/","title":{"rendered":"F\u00daTBOL INFANTIL:  La Liga Infantil dispuso jugar las fechas 9 y 10 del Torneo Apertura con este programa de partidos"},"content":{"rendered":"<p><!-- VideographyWP Plugin Message: Automatic video embedding prevented by plugin options. --><br \/>\n<strong>Viernes 25, 9na fecha<\/strong><br \/>\nSan Mart\u00edn-Independiente<br \/>\nSan Roque-Agricultores<br \/>\nAm\u00e9rica-Alsina<br \/>\nVilla Igoillo-Mitre<br \/>\nDef. Unidos-Sportivo<br \/>\nFundici\u00f3n FC-El Tanque<br \/>\nRivadavia-El Porvenir<br \/>\nPescadores-Atl\u00e9tico<br \/>\nCosta Azul-Paran\u00e1 FC<br \/>\nIndependencia-Los Andes<br \/>\nC. C\u00f3rdoba-Castro FC<\/p>\n<p><strong>S\u00e1bado 26, 10ma fecha<\/strong><br \/>\nIndependiente -San Roque<br \/>\nAlsina-San Mart\u00edn<br \/>\nAgricultores Club-Villa Igoillo<br \/>\nSportivo-Am\u00e9rica<br \/>\nMitre-Fundici\u00f3n<br \/>\nEl Porvenir-Def. Unidos<br \/>\nEl Tanque-Pescadores<br \/>\nParan\u00e1-Rivadavia<br \/>\nAtl\u00e9tico-Independencia<br \/>\nCastro FC-Costa Azul<br \/>\nLos Andes-C. C\u00f3rdoba<\/p>\n","protected":false},"excerpt":{"rendered":"<p>Viernes 25, 9na fecha San Mart\u00edn-Independiente San Roque-Agricultores Am\u00e9rica-Alsina Villa Igoillo-Mitre Def. Unidos-Sportivo Fundici\u00f3n FC-El Tanque Rivadavia-El Porvenir Pescadores-Atl\u00e9tico Costa Azul-Paran\u00e1 FC Independencia-Los Andes C. C\u00f3rdoba-Castro FC S\u00e1bado 26, 10ma fecha Independiente -San Roque Alsina-San Mart\u00edn Agricultores Club-Villa Igoillo Sportivo-Am\u00e9rica Mitre-Fundici\u00f3n El Porvenir-Def. Unidos El Tanque-Pescadores Paran\u00e1-Rivadavia Atl\u00e9tico-Independencia Castro FC-Costa Azul Los Andes-C. C\u00f3rdoba<\/p>\n","protected":false},"author":4,"featured_media":3872,"comment_status":"open","ping_status":"closed","sticky":false,"template":"","format":"standard","meta":{"om_disable_all_campaigns":false,"_jetpack_memberships_contains_paid_content":false,"footnotes":""},"categories":[5],"tags":[],"class_list":["post-33646","post","type-post","status-publish","format-standard","has-post-thumbnail","hentry","category-deportes"],"aioseo_notices":[],"gutentor_comment":0,"jetpack_featured_media_url":"https:\/\/eldiariodesanpedro.com.ar\/sitio\/wp-content\/uploads\/2016\/05\/futbol_infantil_1024x768_1.jpg","jetpack_shortlink":"https:\/\/wp.me\/p6RhLt-8KG","jetpack_sharing_enabled":true,"_links":{"self":[{"href":"https:\/\/eldiariodesanpedro.com.ar\/sitio\/wp-json\/wp\/v2\/posts\/33646","targetHints":{"allow":["GET"]}}],"collection":[{"href":"https:\/\/eldiariodesanpedro.com.ar\/sitio\/wp-json\/wp\/v2\/posts"}],"about":[{"href":"https:\/\/eldiariodesanpedro.com.ar\/sitio\/wp-json\/wp\/v2\/types\/post"}],"author":[{"embeddable":true,"href":"https:\/\/eldiariodesanpedro.com.ar\/sitio\/wp-json\/wp\/v2\/users\/4"}],"replies":[{"embeddable":true,"href":"https:\/\/eldiariodesanpedro.com.ar\/sitio\/wp-json\/wp\/v2\/comments?post=33646"}],"version-history":[{"count":2,"href":"https:\/\/eldiariodesanpedro.com.ar\/sitio\/wp-json\/wp\/v2\/posts\/33646\/revisions"}],"predecessor-version":[{"id":33651,"href":"https:\/\/eldiariodesanpedro.com.ar\/sitio\/wp-json\/wp\/v2\/posts\/33646\/revisions\/33651"}],"wp:featuredmedia":[{"embeddable":true,"href":"https:\/\/eldiariodesanpedro.com.ar\/sitio\/wp-json\/wp\/v2\/media\/3872"}],"wp:attachment":[{"href":"https:\/\/eldiariodesanpedro.com.ar\/sitio\/wp-json\/wp\/v2\/media?parent=33646"}],"wp:term":[{"taxonomy":"category","embeddable":true,"href":"https:\/\/eldiariodesanpedro.com.ar\/sitio\/wp-json\/wp\/v2\/categories?post=33646"},{"taxonomy":"post_tag","embeddable":true,"href":"https:\/\/eldiariodesanpedro.com.ar\/sitio\/wp-json\/wp\/v2\/tags?post=33646"}],"curies":[{"name":"wp","href":"https:\/\/api.w.org\/{rel}","templated":true}]}}