{"id":33645,"date":"2018-05-23T21:08:48","date_gmt":"2018-05-24T00:08:48","guid":{"rendered":"https:\/\/eldiariodesanpedro.com.ar\/sitio\/?p=33645"},"modified":"2018-05-23T21:08:48","modified_gmt":"2018-05-24T00:08:48","slug":"san-nicolas-desperto-con-dos-delincuentes-en-su-casa","status":"publish","type":"post","link":"https:\/\/eldiariodesanpedro.com.ar\/sitio\/san-nicolas-desperto-con-dos-delincuentes-en-su-casa\/","title":{"rendered":"SAN NICOL\u00c1S: Despert\u00f3 con dos delincuentes en su casa"},"content":{"rendered":"<p><!-- VideographyWP Plugin Message: Automatic video embedding prevented by plugin options. --><br \/>\n  Dos sujetos est\u00e1n siendo buscados por la DDI local y personal policial tras haber cometido un robo en un domicilio de barrio Alcoholera.<\/p>\n<p>  La denuncia fue sentada por la v\u00edctima, una mujer que se encontraba durmiendo con su hija menor de edad cuando los delincuentes ingresaron a su casa ubicada en calle Almafuerte entre Bogado y Men\u00e9ndez.<\/p>\n<p>  Uno de los ladrones rompi\u00f3 el port\u00f3n de la casa y amenaz\u00f3 a la due\u00f1a de la vivienda, mientras su c\u00f3mplice oficiaba de campana.<\/p>\n<p>  Se llevaron $1200 y un televisor de 32 pulgadas. Testigos pudieron ver c\u00f3mo hu\u00edan hacia Villa Piol\u00edn por un campo lindante que uno ambos barrios.<\/p>\n<p>La investigaci\u00f3n est\u00e1 en marcha a los fines de dar con los autores. Se analizar\u00e1n c\u00e1maras y se tomar\u00e1n declaraciones.<\/p>\n<p>Fuente: Diario El Informante<\/p>\n","protected":false},"excerpt":{"rendered":"<p>Dos sujetos est\u00e1n siendo buscados por la DDI local y personal policial tras haber cometido un robo en un domicilio de barrio Alcoholera. La denuncia fue sentada por la v\u00edctima, una mujer que se encontraba durmiendo con su hija menor de edad cuando los delincuentes ingresaron a su casa ubicada en calle Almafuerte entre Bogado [&hellip;]<\/p>\n","protected":false},"author":4,"featured_media":11398,"comment_status":"open","ping_status":"closed","sticky":false,"template":"","format":"standard","meta":{"om_disable_all_campaigns":false,"_jetpack_memberships_contains_paid_content":false,"footnotes":""},"categories":[621],"tags":[],"class_list":["post-33645","post","type-post","status-publish","format-standard","has-post-thumbnail","hentry","category-regionales"],"aioseo_notices":[],"gutentor_comment":0,"jetpack_featured_media_url":"https:\/\/eldiariodesanpedro.com.ar\/sitio\/wp-content\/uploads\/2016\/12\/Policia-de-noche-2.jpg","jetpack_shortlink":"https:\/\/wp.me\/p6RhLt-8KF","jetpack_sharing_enabled":true,"_links":{"self":[{"href":"https:\/\/eldiariodesanpedro.com.ar\/sitio\/wp-json\/wp\/v2\/posts\/33645","targetHints":{"allow":["GET"]}}],"collection":[{"href":"https:\/\/eldiariodesanpedro.com.ar\/sitio\/wp-json\/wp\/v2\/posts"}],"about":[{"href":"https:\/\/eldiariodesanpedro.com.ar\/sitio\/wp-json\/wp\/v2\/types\/post"}],"author":[{"embeddable":true,"href":"https:\/\/eldiariodesanpedro.com.ar\/sitio\/wp-json\/wp\/v2\/users\/4"}],"replies":[{"embeddable":true,"href":"https:\/\/eldiariodesanpedro.com.ar\/sitio\/wp-json\/wp\/v2\/comments?post=33645"}],"version-history":[{"count":2,"href":"https:\/\/eldiariodesanpedro.com.ar\/sitio\/wp-json\/wp\/v2\/posts\/33645\/revisions"}],"predecessor-version":[{"id":33649,"href":"https:\/\/eldiariodesanpedro.com.ar\/sitio\/wp-json\/wp\/v2\/posts\/33645\/revisions\/33649"}],"wp:featuredmedia":[{"embeddable":true,"href":"https:\/\/eldiariodesanpedro.com.ar\/sitio\/wp-json\/wp\/v2\/media\/11398"}],"wp:attachment":[{"href":"https:\/\/eldiariodesanpedro.com.ar\/sitio\/wp-json\/wp\/v2\/media?parent=33645"}],"wp:term":[{"taxonomy":"category","embeddable":true,"href":"https:\/\/eldiariodesanpedro.com.ar\/sitio\/wp-json\/wp\/v2\/categories?post=33645"},{"taxonomy":"post_tag","embeddable":true,"href":"https:\/\/eldiariodesanpedro.com.ar\/sitio\/wp-json\/wp\/v2\/tags?post=33645"}],"curies":[{"name":"wp","href":"https:\/\/api.w.org\/{rel}","templated":true}]}}