{"id":33642,"date":"2018-05-23T20:59:49","date_gmt":"2018-05-23T23:59:49","guid":{"rendered":"https:\/\/eldiariodesanpedro.com.ar\/sitio\/?p=33642"},"modified":"2018-05-23T20:59:49","modified_gmt":"2018-05-23T23:59:49","slug":"ramallo-policias-golpean-a-un-menor-hasta-dejarlo-inconsciente","status":"publish","type":"post","link":"https:\/\/eldiariodesanpedro.com.ar\/sitio\/ramallo-policias-golpean-a-un-menor-hasta-dejarlo-inconsciente\/","title":{"rendered":"RAMALLO: Polic\u00edas golpean a un menor hasta dejarlo inconsciente"},"content":{"rendered":"<p><!-- VideographyWP Plugin Message: Automatic video embedding prevented by plugin options. --><br \/>\nFamiliares de un menor de 16 a\u00f1os denunciaron que polic\u00edas de la Comisar\u00eda Primera de Ramallo detuvieron y golpearon a un menor hasta dejarlo inconsciente. El hecho ocurri\u00f3 a la salida de un cumplea\u00f1os de 15, en horas de la madrugada del domingo<\/p>\n<p>  Samuel Medina, familiar del menor golpeado, manifest\u00f3 que en la \u201cComisar\u00eda Primera lo golpearon y lo torturaron, dej\u00e1ndolo detenido en el pasillo del establecimiento. Adem\u00e1s, se burlaban del chico y lo dejaron inconsciente de los golpes recibidos\u201d.<\/p>\n<p>  Desde la familia acusan al oficial Iv\u00e1n Gallo, un efectivo que provienen de la Polic\u00eda Local, ahora devenido en Comunal. La denuncia fue radicada en la Ayudant\u00eda Fiscal de Ramallo y en asuntos internos de la Polic\u00eda Bonaerense en la ciudad de La Plata.<\/p>\n<p>  Medina cuenta que \u201cen la Comisar\u00eda estuvo m\u00e1s de dos horas. A nosotros nos avisan a las 7 de la ma\u00f1ana, anteriormente, como hab\u00eda recibido tantos golpes, la misma polic\u00eda lo llev\u00f3 al Hospital Gomendio, sin avisarles a los padres. Pedimos una constancia en el Hospital, pero no hay nada. Alguien falsific\u00f3 la firma del m\u00e9dico, porque lo atendi\u00f3 una enfermera\u201d.<\/p>\n<p>  \u201cLa polic\u00eda dej\u00f3 registrado que el menor entr\u00f3 con escoriaciones varias, que ser\u00edan raspones, pero el chico tiene el ojo izquierdo hinchado, cortes en la ceja, hematomas en las mu\u00f1ecas por las esposas\u201d, relato Medina.<\/p>\n","protected":false},"excerpt":{"rendered":"<p>Familiares de un menor de 16 a\u00f1os denunciaron que polic\u00edas de la Comisar\u00eda Primera de Ramallo detuvieron y golpearon a un menor hasta dejarlo inconsciente. El hecho ocurri\u00f3 a la salida de un cumplea\u00f1os de 15, en horas de la madrugada del domingo Samuel Medina, familiar del menor golpeado, manifest\u00f3 que en la \u201cComisar\u00eda Primera [&hellip;]<\/p>\n","protected":false},"author":4,"featured_media":33643,"comment_status":"open","ping_status":"closed","sticky":false,"template":"","format":"standard","meta":{"om_disable_all_campaigns":false,"_jetpack_memberships_contains_paid_content":false,"footnotes":""},"categories":[621],"tags":[],"class_list":["post-33642","post","type-post","status-publish","format-standard","has-post-thumbnail","hentry","category-regionales"],"aioseo_notices":[],"gutentor_comment":0,"jetpack_featured_media_url":"https:\/\/eldiariodesanpedro.com.ar\/sitio\/wp-content\/uploads\/2018\/05\/Polic\u00edas-de-de-Ramallo-detuvieron-y-golpearon-a-un-menor-.jpg","jetpack_shortlink":"https:\/\/wp.me\/p6RhLt-8KC","jetpack_sharing_enabled":true,"_links":{"self":[{"href":"https:\/\/eldiariodesanpedro.com.ar\/sitio\/wp-json\/wp\/v2\/posts\/33642","targetHints":{"allow":["GET"]}}],"collection":[{"href":"https:\/\/eldiariodesanpedro.com.ar\/sitio\/wp-json\/wp\/v2\/posts"}],"about":[{"href":"https:\/\/eldiariodesanpedro.com.ar\/sitio\/wp-json\/wp\/v2\/types\/post"}],"author":[{"embeddable":true,"href":"https:\/\/eldiariodesanpedro.com.ar\/sitio\/wp-json\/wp\/v2\/users\/4"}],"replies":[{"embeddable":true,"href":"https:\/\/eldiariodesanpedro.com.ar\/sitio\/wp-json\/wp\/v2\/comments?post=33642"}],"version-history":[{"count":1,"href":"https:\/\/eldiariodesanpedro.com.ar\/sitio\/wp-json\/wp\/v2\/posts\/33642\/revisions"}],"predecessor-version":[{"id":33644,"href":"https:\/\/eldiariodesanpedro.com.ar\/sitio\/wp-json\/wp\/v2\/posts\/33642\/revisions\/33644"}],"wp:featuredmedia":[{"embeddable":true,"href":"https:\/\/eldiariodesanpedro.com.ar\/sitio\/wp-json\/wp\/v2\/media\/33643"}],"wp:attachment":[{"href":"https:\/\/eldiariodesanpedro.com.ar\/sitio\/wp-json\/wp\/v2\/media?parent=33642"}],"wp:term":[{"taxonomy":"category","embeddable":true,"href":"https:\/\/eldiariodesanpedro.com.ar\/sitio\/wp-json\/wp\/v2\/categories?post=33642"},{"taxonomy":"post_tag","embeddable":true,"href":"https:\/\/eldiariodesanpedro.com.ar\/sitio\/wp-json\/wp\/v2\/tags?post=33642"}],"curies":[{"name":"wp","href":"https:\/\/api.w.org\/{rel}","templated":true}]}}