{"id":33638,"date":"2018-05-23T20:55:57","date_gmt":"2018-05-23T23:55:57","guid":{"rendered":"https:\/\/eldiariodesanpedro.com.ar\/sitio\/?p=33638"},"modified":"2018-05-23T20:55:57","modified_gmt":"2018-05-23T23:55:57","slug":"zarate-la-suspension-de-la-construccion-de-atucha-iii-el-plan-nuclear-nunca-estuvo-en-los-planes-del-gobierno-de-macri","status":"publish","type":"post","link":"https:\/\/eldiariodesanpedro.com.ar\/sitio\/zarate-la-suspension-de-la-construccion-de-atucha-iii-el-plan-nuclear-nunca-estuvo-en-los-planes-del-gobierno-de-macri\/","title":{"rendered":"Z\u00c1RATE La suspensi\u00f3n de la construcci\u00f3n de Atucha III: \u201cEl plan nuclear nunca estuvo en los planes del Gobierno de Macri\u201d"},"content":{"rendered":"<p><!-- VideographyWP Plugin Message: Automatic video embedding prevented by plugin options. --><br \/>\nSobre el cierre de la semana pasada, qued\u00f3 confirmado que el Gobierno decidi\u00f3 postergar para m\u00e1s adelante el proyecto de construcci\u00f3n de la Central Atucha III que ten\u00eda previsto realizar con China y, as\u00ed, se ahorrar\u00e1 un programa de endeudamiento previsto en 9.000 millones de d\u00f3lares. La noticia trajo profunda preocupaci\u00f3n en la Regi\u00f3n, la esperada iniciaci\u00f3n de la obra que abrir\u00eda nuevas fuentes de trabajo ya no ser\u00e1 posible. El Concejal por el Unibloque Unidad Ciudadana, Lucas Castiglioni, en di\u00e1logo con nuestros colegas de Cabletel Noticias, se refiri\u00f3 a la situaci\u00f3n.<\/p>\n<p>  \u201cEl plan nuclear nunca estuvo en los planes del Gobierno de Macri, vinieron a hacer sus negocios con la energ\u00eda t\u00e9rmica y sus monopolios en la distribuci\u00f3n\u201d, afirm\u00f3 el edil.<\/p>\n<p>\u201cEstas decisiones est\u00e1n atadas al acuerdo con el Fondo Monetario que solo traer\u00e1 m\u00e1s ajuste y desocupaci\u00f3n\u201d, continu\u00f3.<\/p>\n<p>Fuente: Enlace Cr\u00edtico<\/p>\n","protected":false},"excerpt":{"rendered":"<p>Sobre el cierre de la semana pasada, qued\u00f3 confirmado que el Gobierno decidi\u00f3 postergar para m\u00e1s adelante el proyecto de construcci\u00f3n de la Central Atucha III que ten\u00eda previsto realizar con China y, as\u00ed, se ahorrar\u00e1 un programa de endeudamiento previsto en 9.000 millones de d\u00f3lares. La noticia trajo profunda preocupaci\u00f3n en la Regi\u00f3n, la [&hellip;]<\/p>\n","protected":false},"author":4,"featured_media":33469,"comment_status":"open","ping_status":"closed","sticky":false,"template":"","format":"standard","meta":{"om_disable_all_campaigns":false,"_jetpack_memberships_contains_paid_content":false,"footnotes":""},"categories":[621],"tags":[],"class_list":["post-33638","post","type-post","status-publish","format-standard","has-post-thumbnail","hentry","category-regionales"],"aioseo_notices":[],"gutentor_comment":0,"jetpack_featured_media_url":"https:\/\/eldiariodesanpedro.com.ar\/sitio\/wp-content\/uploads\/2018\/05\/Atucha-III.jpg","jetpack_shortlink":"https:\/\/wp.me\/p6RhLt-8Ky","jetpack_sharing_enabled":true,"_links":{"self":[{"href":"https:\/\/eldiariodesanpedro.com.ar\/sitio\/wp-json\/wp\/v2\/posts\/33638","targetHints":{"allow":["GET"]}}],"collection":[{"href":"https:\/\/eldiariodesanpedro.com.ar\/sitio\/wp-json\/wp\/v2\/posts"}],"about":[{"href":"https:\/\/eldiariodesanpedro.com.ar\/sitio\/wp-json\/wp\/v2\/types\/post"}],"author":[{"embeddable":true,"href":"https:\/\/eldiariodesanpedro.com.ar\/sitio\/wp-json\/wp\/v2\/users\/4"}],"replies":[{"embeddable":true,"href":"https:\/\/eldiariodesanpedro.com.ar\/sitio\/wp-json\/wp\/v2\/comments?post=33638"}],"version-history":[{"count":1,"href":"https:\/\/eldiariodesanpedro.com.ar\/sitio\/wp-json\/wp\/v2\/posts\/33638\/revisions"}],"predecessor-version":[{"id":33640,"href":"https:\/\/eldiariodesanpedro.com.ar\/sitio\/wp-json\/wp\/v2\/posts\/33638\/revisions\/33640"}],"wp:featuredmedia":[{"embeddable":true,"href":"https:\/\/eldiariodesanpedro.com.ar\/sitio\/wp-json\/wp\/v2\/media\/33469"}],"wp:attachment":[{"href":"https:\/\/eldiariodesanpedro.com.ar\/sitio\/wp-json\/wp\/v2\/media?parent=33638"}],"wp:term":[{"taxonomy":"category","embeddable":true,"href":"https:\/\/eldiariodesanpedro.com.ar\/sitio\/wp-json\/wp\/v2\/categories?post=33638"},{"taxonomy":"post_tag","embeddable":true,"href":"https:\/\/eldiariodesanpedro.com.ar\/sitio\/wp-json\/wp\/v2\/tags?post=33638"}],"curies":[{"name":"wp","href":"https:\/\/api.w.org\/{rel}","templated":true}]}}