{"id":33636,"date":"2018-05-23T20:55:39","date_gmt":"2018-05-23T23:55:39","guid":{"rendered":"https:\/\/eldiariodesanpedro.com.ar\/sitio\/?p=33636"},"modified":"2018-05-23T20:55:39","modified_gmt":"2018-05-23T23:55:39","slug":"san-nicolas-allanamiento-y-secuestro-de-armas-en-el-barrio-itec","status":"publish","type":"post","link":"https:\/\/eldiariodesanpedro.com.ar\/sitio\/san-nicolas-allanamiento-y-secuestro-de-armas-en-el-barrio-itec\/","title":{"rendered":"SAN NICOL\u00c1S: Allanamiento y secuestro de armas en el barrio ITEC"},"content":{"rendered":"<p><!-- VideographyWP Plugin Message: Automatic video embedding prevented by plugin options. --><br \/>\nA partir de los graves sucesos acontecidos en barrio las Mellizas, las fuerzas policiales intensificaron las tareas de secuestro de armas en la ciudad. Se realiz\u00f3 un allanamiento en barrio ITEC secuestrando varias armas de guerra. Asimismo, un hombre entr\u00f3 aparentemente accidentado y con lesiones de gravedad al Hospital y entre sus ropas se hall\u00f3 un rev\u00f3lver calibre 22.<\/p>\n<p>  Como EL NORTE viene consignando de forma continua en sus publicaciones, a pesar de los allanamientos y secuestros en la v\u00eda p\u00fablica, aun son varias las armas de fuego que circulan en la ciudad. A partir de los lamentables sucesos, que son de p\u00fablico conocimiento, ocurridos en barrio Las Mellizas que derivaron en la muerte de un vecino y la de un oficial de polic\u00eda, se intensificaron los operativos tendientes a desarmar la ciudad y dar tranquilidad a los habitantes.<\/p>\n<p>  Ayer a la madrugada, personal policial, en calle P\u00fablica 4 a la altura del 1600, en barrio ITEC, procedi\u00f3 a diligenciar una orden de allanamiento, concretando el secuestro de una pistola 9mm. STEYR M9A1 con numeraci\u00f3n suprimida, municiones de distintos calibres y marcas; un rifle de aire comprimido con mira telesc\u00f3pica; una r\u00e9plica de rev\u00f3lver calibre 32, tres navajas y una cuchilla. En tanto que el imputado de 23 a\u00f1os, no se encontraba en el domicilio al momento de la diligencia. <\/p>\n<p>  Se labraron actuaciones bajo car\u00e1tula \u201cTenencia ilegal arma de guerra\u201d, con intervenci\u00f3n de la UFI N\u00b06 del Departamento Judicial San Nicol\u00e1s.<\/p>\n<p><strong>Con lesiones graves y con arma<\/strong><br \/>\n  Asimismo, se tom\u00f3 conocimiento del ingreso de un hombre de aproximadamente 50 a\u00f1os, en la guardia de nosocomio local presentando traumatismo de cr\u00e1neo, de pelvis, y corte en p\u00f3mulo izquierdo. \u00c9l mismo previamente habr\u00eda estado podando un \u00e1rbol en calle Cangallo, y se habr\u00eda producido su ca\u00edda. La v\u00edctima fue internada en la unidad de terapia intensiva, con lesiones graves con riesgo de vida. <\/p>\n<p>  Al momento de ingreso al nosocomio local, personal policial de custodia, procedi\u00f3 al secuestro de entre sus prendas de vestir de un rev\u00f3lver calibre 22, y de un proyectil del mismo calibre. Se labraron actuaciones bajo car\u00e1tula \u201cAveriguaci\u00f3n de il\u00edcito, lesiones graves\u201d, con intervenci\u00f3n de la UFI N\u00b03 del Departamento Judicial San Nicol\u00e1s.<\/p>\n<p>Fuente: Diario El Norte<\/p>\n","protected":false},"excerpt":{"rendered":"<p>A partir de los graves sucesos acontecidos en barrio las Mellizas, las fuerzas policiales intensificaron las tareas de secuestro de armas en la ciudad. Se realiz\u00f3 un allanamiento en barrio ITEC secuestrando varias armas de guerra. Asimismo, un hombre entr\u00f3 aparentemente accidentado y con lesiones de gravedad al Hospital y entre sus ropas se hall\u00f3 [&hellip;]<\/p>\n","protected":false},"author":4,"featured_media":33637,"comment_status":"open","ping_status":"closed","sticky":false,"template":"","format":"standard","meta":{"om_disable_all_campaigns":false,"_jetpack_memberships_contains_paid_content":false,"footnotes":""},"categories":[621],"tags":[],"class_list":["post-33636","post","type-post","status-publish","format-standard","has-post-thumbnail","hentry","category-regionales"],"aioseo_notices":[],"gutentor_comment":0,"jetpack_featured_media_url":"https:\/\/eldiariodesanpedro.com.ar\/sitio\/wp-content\/uploads\/2018\/05\/elementos-incautados.jpg","jetpack_shortlink":"https:\/\/wp.me\/p6RhLt-8Kw","jetpack_sharing_enabled":true,"_links":{"self":[{"href":"https:\/\/eldiariodesanpedro.com.ar\/sitio\/wp-json\/wp\/v2\/posts\/33636","targetHints":{"allow":["GET"]}}],"collection":[{"href":"https:\/\/eldiariodesanpedro.com.ar\/sitio\/wp-json\/wp\/v2\/posts"}],"about":[{"href":"https:\/\/eldiariodesanpedro.com.ar\/sitio\/wp-json\/wp\/v2\/types\/post"}],"author":[{"embeddable":true,"href":"https:\/\/eldiariodesanpedro.com.ar\/sitio\/wp-json\/wp\/v2\/users\/4"}],"replies":[{"embeddable":true,"href":"https:\/\/eldiariodesanpedro.com.ar\/sitio\/wp-json\/wp\/v2\/comments?post=33636"}],"version-history":[{"count":1,"href":"https:\/\/eldiariodesanpedro.com.ar\/sitio\/wp-json\/wp\/v2\/posts\/33636\/revisions"}],"predecessor-version":[{"id":33639,"href":"https:\/\/eldiariodesanpedro.com.ar\/sitio\/wp-json\/wp\/v2\/posts\/33636\/revisions\/33639"}],"wp:featuredmedia":[{"embeddable":true,"href":"https:\/\/eldiariodesanpedro.com.ar\/sitio\/wp-json\/wp\/v2\/media\/33637"}],"wp:attachment":[{"href":"https:\/\/eldiariodesanpedro.com.ar\/sitio\/wp-json\/wp\/v2\/media?parent=33636"}],"wp:term":[{"taxonomy":"category","embeddable":true,"href":"https:\/\/eldiariodesanpedro.com.ar\/sitio\/wp-json\/wp\/v2\/categories?post=33636"},{"taxonomy":"post_tag","embeddable":true,"href":"https:\/\/eldiariodesanpedro.com.ar\/sitio\/wp-json\/wp\/v2\/tags?post=33636"}],"curies":[{"name":"wp","href":"https:\/\/api.w.org\/{rel}","templated":true}]}}