{"id":33632,"date":"2018-05-23T20:44:34","date_gmt":"2018-05-23T23:44:34","guid":{"rendered":"https:\/\/eldiariodesanpedro.com.ar\/sitio\/?p=33632"},"modified":"2018-05-23T20:44:34","modified_gmt":"2018-05-23T23:44:34","slug":"zarate-desalojo-en-el-barrio-los-pinos-todas-son-familias-trabajadoras-que-con-mucho-esfuerzo-hicieron-la-inversion-de-buena-fe-y-hoy-quedaron-en-la-calle","status":"publish","type":"post","link":"https:\/\/eldiariodesanpedro.com.ar\/sitio\/zarate-desalojo-en-el-barrio-los-pinos-todas-son-familias-trabajadoras-que-con-mucho-esfuerzo-hicieron-la-inversion-de-buena-fe-y-hoy-quedaron-en-la-calle\/","title":{"rendered":"Z\u00c1RATE: Desalojo en el barrio Los Pinos, \u201ctodas son familias trabajadoras que con mucho esfuerzo hicieron la inversi\u00f3n de buena fe y hoy quedaron en la calle\u201d"},"content":{"rendered":"<p><!-- VideographyWP Plugin Message: Automatic video embedding prevented by plugin options. --><br \/>\nA fines de enero pasado, d\u00e1bamos cuenta de la situaci\u00f3n de unas cincuenta familias que ve\u00edan peligrar el sue\u00f1o de la casa propia. Hab\u00edan comprado lotes en un predio ubicado en la calle 48 en el barrio Cementerio de Z\u00e1rate a un hipot\u00e9tico propietario, pero en el medio apareci\u00f3 otro sujeto, reclamando derechos de dominio sobre las tierras demandando el desalojo, situaci\u00f3n que sucedi\u00f3 para la desesperanza de quienes s\u00f3lo obraron de buena fe.<\/p>\n<p>  \u201cSe est\u00e1 llevando adelante el desalojo de las familias\u201d, se\u00f1alaba la Dra. Mar\u00eda Rodr\u00edguez, representante de los vecinos damnificados, \u201ceste predio era de la empresa Ramos Hnos. cuya quiebra fue decretada en 1984 y adquirido en remate judicial hace un a\u00f1o por una persona cuyo abogado. el Dr. Nocetti, lo representa en el operativo de desalojo\u201d.<\/p>\n<p>  La letrada, se\u00f1ala que hay anomal\u00edas en lo que fue la notificaci\u00f3n de la decisi\u00f3n judicial, \u201caqu\u00ed fehacientemente hubo una sola familia notificada, el resto no estaba en conocimiento y lo que es m\u00e1s grave ni siquiera est\u00e1n identificadas por el Juzgado.\u201d<\/p>\n<p>  Por otra parte, tuvo cr\u00edticas hacia el accionar policial, \u201cno permitieron que la gente, que hab\u00eda acatado la orden, pudiera retirar sus pertenencias del lugar\u201d.<\/p>\n<p>  En relaci\u00f3n al fraude y \u00e9l o los responsables de lo ocurrido dijo, \u201cla situaci\u00f3n es clar\u00edsima y aqu\u00ed el Sr. Machado \u2013 sindicado como el vendedor \u2013 tendr\u00e1 que presentar la documentaci\u00f3n que lo avale como el vendedor del lugar porque por un lado est\u00e1 la quiebra y por el otro el flamante y verdadero propietario que reconocemos como tal\u201d.<\/p>\n<p>  Pero en el medio y perjudicados qued\u00f3 la gente, \u201ctodas son familias trabajadoras que con mucho esfuerzo hicieron la inversi\u00f3n de buena fe y hoy quedaron en la calle\u201d, remarca y a\u00f1ade que judicialmente la situaci\u00f3n es compleja.<br \/>\n  Fueron tras el ansiado sue\u00f1o de la vivienda propia y hoy son protagonistas de una pesadilla.<\/p>\n<p>Fuente: Enlace Critico<\/p>\n","protected":false},"excerpt":{"rendered":"<p>A fines de enero pasado, d\u00e1bamos cuenta de la situaci\u00f3n de unas cincuenta familias que ve\u00edan peligrar el sue\u00f1o de la casa propia. Hab\u00edan comprado lotes en un predio ubicado en la calle 48 en el barrio Cementerio de Z\u00e1rate a un hipot\u00e9tico propietario, pero en el medio apareci\u00f3 otro sujeto, reclamando derechos de dominio [&hellip;]<\/p>\n","protected":false},"author":4,"featured_media":33633,"comment_status":"open","ping_status":"closed","sticky":false,"template":"","format":"standard","meta":{"om_disable_all_campaigns":false,"_jetpack_memberships_contains_paid_content":false,"footnotes":""},"categories":[621],"tags":[],"class_list":["post-33632","post","type-post","status-publish","format-standard","has-post-thumbnail","hentry","category-regionales"],"aioseo_notices":[],"gutentor_comment":0,"jetpack_featured_media_url":"https:\/\/eldiariodesanpedro.com.ar\/sitio\/wp-content\/uploads\/2018\/05\/Desalojo-en-el-barrio-Los-Pinos.jpg","jetpack_shortlink":"https:\/\/wp.me\/p6RhLt-8Ks","jetpack_sharing_enabled":true,"_links":{"self":[{"href":"https:\/\/eldiariodesanpedro.com.ar\/sitio\/wp-json\/wp\/v2\/posts\/33632","targetHints":{"allow":["GET"]}}],"collection":[{"href":"https:\/\/eldiariodesanpedro.com.ar\/sitio\/wp-json\/wp\/v2\/posts"}],"about":[{"href":"https:\/\/eldiariodesanpedro.com.ar\/sitio\/wp-json\/wp\/v2\/types\/post"}],"author":[{"embeddable":true,"href":"https:\/\/eldiariodesanpedro.com.ar\/sitio\/wp-json\/wp\/v2\/users\/4"}],"replies":[{"embeddable":true,"href":"https:\/\/eldiariodesanpedro.com.ar\/sitio\/wp-json\/wp\/v2\/comments?post=33632"}],"version-history":[{"count":1,"href":"https:\/\/eldiariodesanpedro.com.ar\/sitio\/wp-json\/wp\/v2\/posts\/33632\/revisions"}],"predecessor-version":[{"id":33635,"href":"https:\/\/eldiariodesanpedro.com.ar\/sitio\/wp-json\/wp\/v2\/posts\/33632\/revisions\/33635"}],"wp:featuredmedia":[{"embeddable":true,"href":"https:\/\/eldiariodesanpedro.com.ar\/sitio\/wp-json\/wp\/v2\/media\/33633"}],"wp:attachment":[{"href":"https:\/\/eldiariodesanpedro.com.ar\/sitio\/wp-json\/wp\/v2\/media?parent=33632"}],"wp:term":[{"taxonomy":"category","embeddable":true,"href":"https:\/\/eldiariodesanpedro.com.ar\/sitio\/wp-json\/wp\/v2\/categories?post=33632"},{"taxonomy":"post_tag","embeddable":true,"href":"https:\/\/eldiariodesanpedro.com.ar\/sitio\/wp-json\/wp\/v2\/tags?post=33632"}],"curies":[{"name":"wp","href":"https:\/\/api.w.org\/{rel}","templated":true}]}}