{"id":33630,"date":"2018-05-23T20:43:21","date_gmt":"2018-05-23T23:43:21","guid":{"rendered":"https:\/\/eldiariodesanpedro.com.ar\/sitio\/?p=33630"},"modified":"2018-05-23T20:43:21","modified_gmt":"2018-05-23T23:43:21","slug":"funcionarios-de-infraestructura-de-nacion-y-provincia-ratificaron-su-apoyo-al-gobierno-del-intendente-salazar","status":"publish","type":"post","link":"https:\/\/eldiariodesanpedro.com.ar\/sitio\/funcionarios-de-infraestructura-de-nacion-y-provincia-ratificaron-su-apoyo-al-gobierno-del-intendente-salazar\/","title":{"rendered":"Funcionarios de infraestructura de Naci\u00f3n y Provincia ratificaron su apoyo al gobierno del Intendente Salazar"},"content":{"rendered":"<p><!-- VideographyWP Plugin Message: Automatic video embedding prevented by plugin options. --><br \/>\nEl Ministro de Infraestructura y Servicios P\u00fablicos de la Provincia de Buenos Aires Lic. Roberto Gigante y Marina Klemensiewicz, Secretaria de Infraestructura Urbana del Ministerio del Interior de la Naci\u00f3n visitaron ayer por la ma\u00f1ana la ciudad y despu\u00e9s de un encuentro de bienvenida con el Intendente Municipal Cecilio Salazar efectuaron una recorrida por obras finalizadas y en ejecuci\u00f3n en diferentes barrios de San Pedro.<\/p>\n<p>  La visi\u00f3n estrat\u00e9gica de lo que representa para cada vecino la transformaci\u00f3n de su realidad cotidiana con obras que les acercan servicios largamente esperados, qued\u00f3 de manifiesto en el reconocimiento que una vez m\u00e1s los funcionarios de Provincia y Naci\u00f3n hicieron al gobierno de San Pedro sobre el cumplimiento efectivo en la ejecuci\u00f3n y rendici\u00f3n de cada proyecto del Fondo de Infraestructura Municipal, destinando los fondos correspondientes a la concreci\u00f3n de cada una de las iniciativas.<\/p>\n<p>  En la charla en el Palacio Municipal, el Intendente destac\u00f3 la importancia del trabajo en equipo de los funcionarios de Obras P\u00fablicas, analizando las necesidades de campo y elaborando los proyectos que pueden responder a sus necesidades. Aqu\u00ed se destaca la pavimentaci\u00f3n de las 400 cuadras la zona norte de la ciudad que se encuentra en recta final con 50 cuadras por concluir. Las lluvias frecuentes de los \u00faltimos meses han sido en este caso, la raz\u00f3n principal del retraso.<\/p>\n<p>  La pavimentaci\u00f3n de la Ruta 191 y acceso a Santa Luc\u00eda recientemente licitado y, que avanza hacia su adjudicaci\u00f3n, tambi\u00e9n fue tema de an\u00e1lisis por lo que implica como red estructural para la producci\u00f3n y tambi\u00e9n porque su estado deficiente en los \u00faltimos a\u00f1os ha sido causal de accidentes muy graves.<\/p>\n<p>  Luego de la reuni\u00f3n en el despacho del Intendente realizaron una recorrida donde los funcionarios visitantes junto al Intendente visitaron la escalera que fue reconstruida sobre las barrancas concretando la puesta en valor de la Costanera y conectando el comienzo de la calle Mitre con el Paseo P\u00fablico Municipal.<\/p>\n<p>  Desde all\u00ed se dirigieron a la obra de repavimentaci\u00f3n de la Avenida 11 de Septiembre enmarcada en el Programa Centralidades que con presupuesto de 30 millones de pesos en su primera etapa modific\u00f3 las caracter\u00edsticas de ese tramo y que contin\u00faa con la construcci\u00f3n de veredas en las manzanas adyacentes para luego completarse con la reconversi\u00f3n de todo el interior del Balneario N\u00b01.<\/p>\n<p>  El recorrido lleg\u00f3 a diferentes zonas incluidas en el plan de pavimentaci\u00f3n del que se habl\u00f3 antes de la partida y all\u00ed el Intendente volvi\u00f3 a hacer hincapi\u00e9 en el efecto contundente de este tipo de obras en el d\u00eda a d\u00eda de cientos de familias. Julio, un vecino de la zona que se acerc\u00f3 a charlar con las autoridades, con su testimonio al igual que otros vecinos que dialogaron con los visitantes, ratificaron estas conclusiones que ser\u00e1n, seg\u00fan los propios funcionarios, argumentos importantes para poder continuar presentando y concretando este tipo de obras.<br \/>\n  En el tramo final visitaron otra trascendente obra como el desag\u00fce pluvial sobre Avenida 3 de Febrero que en los \u00faltimos meses ha respondido de manera \u00f3ptima, minimizando los efectos de las constantes lluvias que provocaban inundaciones y trastornos a muchas familias. <\/p>\n<p>  Antes de finalizar el recorrido, realizaron una visita r\u00e1pida al nuevo acceso de la ciudad de San Pedro de la calle Oliveira C\u00e9zar, para luego dirigirse al Play\u00f3n Deportivo del Barrio Depietri. <\/p>\n<p>  Los chicos tomando clases de reggaeton y los grupos de vecinas asistiendo al curso de cosmetolog\u00eda en el SUM del Barrio Depietri fueron un excelente punto final para esta visita que se complet\u00f3 con el Play\u00f3n Deportivo construido all\u00ed y con el Barrio ARCOR.<\/p>\n","protected":false},"excerpt":{"rendered":"<p>El Ministro de Infraestructura y Servicios P\u00fablicos de la Provincia de Buenos Aires Lic. Roberto Gigante y Marina Klemensiewicz, Secretaria de Infraestructura Urbana del Ministerio del Interior de la Naci\u00f3n visitaron ayer por la ma\u00f1ana la ciudad y despu\u00e9s de un encuentro de bienvenida con el Intendente Municipal Cecilio Salazar efectuaron una recorrida por obras [&hellip;]<\/p>\n","protected":false},"author":4,"featured_media":33631,"comment_status":"open","ping_status":"closed","sticky":false,"template":"","format":"standard","meta":{"om_disable_all_campaigns":false,"_jetpack_memberships_contains_paid_content":false,"footnotes":""},"categories":[2,102],"tags":[],"class_list":["post-33630","post","type-post","status-publish","format-standard","has-post-thumbnail","hentry","category-locales","category-politica-locales"],"aioseo_notices":[],"gutentor_comment":0,"jetpack_featured_media_url":"https:\/\/eldiariodesanpedro.com.ar\/sitio\/wp-content\/uploads\/2018\/05\/Recorrida-por-obras-finalizadas-y-en-ejecuci\u00f3n-.jpg","jetpack_shortlink":"https:\/\/wp.me\/p6RhLt-8Kq","jetpack_sharing_enabled":true,"_links":{"self":[{"href":"https:\/\/eldiariodesanpedro.com.ar\/sitio\/wp-json\/wp\/v2\/posts\/33630","targetHints":{"allow":["GET"]}}],"collection":[{"href":"https:\/\/eldiariodesanpedro.com.ar\/sitio\/wp-json\/wp\/v2\/posts"}],"about":[{"href":"https:\/\/eldiariodesanpedro.com.ar\/sitio\/wp-json\/wp\/v2\/types\/post"}],"author":[{"embeddable":true,"href":"https:\/\/eldiariodesanpedro.com.ar\/sitio\/wp-json\/wp\/v2\/users\/4"}],"replies":[{"embeddable":true,"href":"https:\/\/eldiariodesanpedro.com.ar\/sitio\/wp-json\/wp\/v2\/comments?post=33630"}],"version-history":[{"count":1,"href":"https:\/\/eldiariodesanpedro.com.ar\/sitio\/wp-json\/wp\/v2\/posts\/33630\/revisions"}],"predecessor-version":[{"id":33634,"href":"https:\/\/eldiariodesanpedro.com.ar\/sitio\/wp-json\/wp\/v2\/posts\/33630\/revisions\/33634"}],"wp:featuredmedia":[{"embeddable":true,"href":"https:\/\/eldiariodesanpedro.com.ar\/sitio\/wp-json\/wp\/v2\/media\/33631"}],"wp:attachment":[{"href":"https:\/\/eldiariodesanpedro.com.ar\/sitio\/wp-json\/wp\/v2\/media?parent=33630"}],"wp:term":[{"taxonomy":"category","embeddable":true,"href":"https:\/\/eldiariodesanpedro.com.ar\/sitio\/wp-json\/wp\/v2\/categories?post=33630"},{"taxonomy":"post_tag","embeddable":true,"href":"https:\/\/eldiariodesanpedro.com.ar\/sitio\/wp-json\/wp\/v2\/tags?post=33630"}],"curies":[{"name":"wp","href":"https:\/\/api.w.org\/{rel}","templated":true}]}}