{"id":33623,"date":"2018-05-23T20:36:38","date_gmt":"2018-05-23T23:36:38","guid":{"rendered":"https:\/\/eldiariodesanpedro.com.ar\/sitio\/?p=33623"},"modified":"2018-05-23T20:36:38","modified_gmt":"2018-05-23T23:36:38","slug":"se-realizo-con-exito-el-festival-musical-solidario","status":"publish","type":"post","link":"https:\/\/eldiariodesanpedro.com.ar\/sitio\/se-realizo-con-exito-el-festival-musical-solidario\/","title":{"rendered":"Se realiz\u00f3 con \u00e9xito el Festival Musical Solidario"},"content":{"rendered":"<p><!-- VideographyWP Plugin Message: Automatic video embedding prevented by plugin options. --><br \/>\nEn la tarde del domingo, en el Club Independencia, se realiz\u00f3 con \u00e9xito el Festival Musical Solidario en beneficio de vecinos de La Tosquera y Bajo Puerto.<\/p>\n<p>  Luego de tantos d\u00edas de mal clima, qui\u00e9nes fueron los m\u00e1s afectados en los barrios de La Tosquera y Bajo Puerto recibieron un abrazo al alma gracias a artistas locales y el p\u00fablico asistente. El evento estuvo a cargo de Oscar y Gaby, Blacki de la Biela y Sherman Rivas.<\/p>\n<p>  El diario de San Pedro dialog\u00f3 con dos de los organizadores y contaron que despu\u00e9s de ver un video que publicado en nuestro medio, en los que se ve\u00eda a ni\u00f1os durmiendo en un colch\u00f3n sobre el barro, el agua y en una casita de chapas en La Tosquera y, al ver toda la gente que estaba sufriendo el temporal reflexionaron: \u201cNo podemos mirar hacia otro lado esquivando las necesidades de la gente, \u00e9sta es la forma que tenemos de colaborar, a trav\u00e9s de la m\u00fasica. Por primera vez nos juntamos para ayudar\u201d.<\/p>\n<p>  El Festival comenz\u00f3 a la tardecita del domingo con mucha m\u00fasica y la gente se iba acercando de a poco llevando su bolsa con mercader\u00eda, ropa o calzados. Algunos se quedaban para apreciar el show, bailar y cantar con los artistas y otros, s\u00f3lo colaboraban y se iban.<\/p>\n<p>  La nueva Comisi\u00f3n del Club Pescadores tambi\u00e9n hizo lo suyo, durante la semana estuvieron juntando con los socios todo tipo de donaciones y esa tarde llegaron al festival con toda la ayuda.<\/p>\n<p>  Los shows terminaron alrededor de las 22 hs. Hubo muchas canciones y otros artistas locales que se sumaron para cantar y brindar su granito de arena. Todos los sampedrinos colaboraron much\u00edsimo.<\/p>\n<p>  Al otro d\u00eda, faltaba lo m\u00e1s dif\u00edcil, \u201ccuando pens\u00e1bamos que ya estaba, nos dimos cuenta que nos hab\u00edamos equivocado\u201d dijeron los organizadores. \u201cAl recorrer cada lugar y ver los chiquitos descalzos, esperando que su mam\u00e1 les traiga algo para comer del basural, ah\u00ed nos dimos cuenta que esto reci\u00e9n comenzaba\u201d asegur\u00f3 Gaby, cantante y organizadora del Festival. Adem\u00e1s, agreg\u00f3: \u201cla gente que m\u00e1s respondi\u00f3 fue la gente m\u00e1s trabajadora, m\u00e1s humilde, a la que le cuesta llegar a fin de mes, fue la que m\u00e1s bail\u00f3 y se divirti\u00f3 con nosotros, acompa\u00f1\u00e1ndonos\u201d.<\/p>\n<p>  Las donaciones se distribuyeron en La Tosquera, y se cont\u00f3 con la presencia del Presidente de la Comisi\u00f3n de Fomento del barrio Claudio Molina, quien los guio hacia las familias m\u00e1s necesitadas. Tambi\u00e9n se llevaron las donaciones al comedor de Bajo Puerto.<\/p>\n<p>  \u201cNos comprometemos a seguir ayudando, hay mucha gente que lo necesita, vamos a seguir haciendo m\u00e1s festivales solidarios\u201d enfatiz\u00f3 Gaby al t\u00e9rmino de la entrevista.<\/p>\n","protected":false},"excerpt":{"rendered":"<p>En la tarde del domingo, en el Club Independencia, se realiz\u00f3 con \u00e9xito el Festival Musical Solidario en beneficio de vecinos de La Tosquera y Bajo Puerto. Luego de tantos d\u00edas de mal clima, qui\u00e9nes fueron los m\u00e1s afectados en los barrios de La Tosquera y Bajo Puerto recibieron un abrazo al alma gracias a [&hellip;]<\/p>\n","protected":false},"author":4,"featured_media":33628,"comment_status":"open","ping_status":"closed","sticky":false,"template":"","format":"standard","meta":{"om_disable_all_campaigns":false,"_jetpack_memberships_contains_paid_content":false,"footnotes":""},"categories":[101,2],"tags":[],"class_list":["post-33623","post","type-post","status-publish","format-standard","has-post-thumbnail","hentry","category-interes-general-locales","category-locales"],"aioseo_notices":[],"gutentor_comment":0,"jetpack_featured_media_url":"https:\/\/eldiariodesanpedro.com.ar\/sitio\/wp-content\/uploads\/2018\/05\/Se-realiz\u00f3-con-\u00e9xito-el-Festival-Musical-Solidario-1.jpeg","jetpack_shortlink":"https:\/\/wp.me\/p6RhLt-8Kj","jetpack_sharing_enabled":true,"_links":{"self":[{"href":"https:\/\/eldiariodesanpedro.com.ar\/sitio\/wp-json\/wp\/v2\/posts\/33623","targetHints":{"allow":["GET"]}}],"collection":[{"href":"https:\/\/eldiariodesanpedro.com.ar\/sitio\/wp-json\/wp\/v2\/posts"}],"about":[{"href":"https:\/\/eldiariodesanpedro.com.ar\/sitio\/wp-json\/wp\/v2\/types\/post"}],"author":[{"embeddable":true,"href":"https:\/\/eldiariodesanpedro.com.ar\/sitio\/wp-json\/wp\/v2\/users\/4"}],"replies":[{"embeddable":true,"href":"https:\/\/eldiariodesanpedro.com.ar\/sitio\/wp-json\/wp\/v2\/comments?post=33623"}],"version-history":[{"count":1,"href":"https:\/\/eldiariodesanpedro.com.ar\/sitio\/wp-json\/wp\/v2\/posts\/33623\/revisions"}],"predecessor-version":[{"id":33626,"href":"https:\/\/eldiariodesanpedro.com.ar\/sitio\/wp-json\/wp\/v2\/posts\/33623\/revisions\/33626"}],"wp:featuredmedia":[{"embeddable":true,"href":"https:\/\/eldiariodesanpedro.com.ar\/sitio\/wp-json\/wp\/v2\/media\/33628"}],"wp:attachment":[{"href":"https:\/\/eldiariodesanpedro.com.ar\/sitio\/wp-json\/wp\/v2\/media?parent=33623"}],"wp:term":[{"taxonomy":"category","embeddable":true,"href":"https:\/\/eldiariodesanpedro.com.ar\/sitio\/wp-json\/wp\/v2\/categories?post=33623"},{"taxonomy":"post_tag","embeddable":true,"href":"https:\/\/eldiariodesanpedro.com.ar\/sitio\/wp-json\/wp\/v2\/tags?post=33623"}],"curies":[{"name":"wp","href":"https:\/\/api.w.org\/{rel}","templated":true}]}}