{"id":33621,"date":"2018-05-23T20:36:35","date_gmt":"2018-05-23T23:36:35","guid":{"rendered":"https:\/\/eldiariodesanpedro.com.ar\/sitio\/?p=33621"},"modified":"2018-05-23T20:36:35","modified_gmt":"2018-05-23T23:36:35","slug":"alan-ocampo-envio-una-carta-documento-a-la-ex-concejal-cecilia-vasquez","status":"publish","type":"post","link":"https:\/\/eldiariodesanpedro.com.ar\/sitio\/alan-ocampo-envio-una-carta-documento-a-la-ex-concejal-cecilia-vasquez\/","title":{"rendered":"Alan Ocampo envi\u00f3 una carta documento a la ex concejal Cecilia V\u00e1squez"},"content":{"rendered":"<p><!-- VideographyWP Plugin Message: Automatic video embedding prevented by plugin options. --><br \/>\nEl nuevo Coordinador de Pol\u00edticas Socioeducativas de la regi\u00f3n, Alan Ocampo, envi\u00f3 una carta documento a la ex concejal Cecilia V\u00e1squez luego de que \u00e9sta publicara duros cuestionamientos a trav\u00e9s de las redes sociales.<br \/>\nV\u00e1squez hab\u00eda recordado, tras la designaci\u00f3n de Ocampo, la denuncia que obraba en su contra por presunta falsificaci\u00f3n de firmas, en la que fue sobrese\u00eddo. Ocampo le exigi\u00f3 que diera de baja la publicaci\u00f3n, al considerarla \u00abfalsa\u00bb e \u00abinjuriante\u00bb, perjudicando su buen nombre y honor.<\/p>\n<p><em>  \u00abSr. Ocampo: En referencia a los pueriles t\u00e9rminos de su carta documento CD 890525292, donde me reprocha y asigna intenciones de injuriarlo, le informo que RATIFICO mis expresiones en todo su contenido. Salvedad hecha del vocablo \u201ccondena\u201d a probation, donde t\u00e9cnicamente no resulta ese t\u00e9rmino, adecuado a la naturaleza jur\u00eddica de ese dispositivo procesal.<br \/>\n  Esta cuesti\u00f3n por resultar un tecnicismo, desvinculado de la finalidad de la conducta l\u00edcita en la que incurr\u00ed, al denunciarlo como un sujeto taimado e indigno de ocupar un cargo p\u00fablico, no constituye falsedad alguna de mi parte, ya que no me dedico a postular publicaciones judiciales ni soy una experta en teor\u00eda procesal.<br \/>\n  El significado de dicha abstracci\u00f3n ling\u00fc\u00edstica no debe interpretarse dentro del marco de referencia t\u00e9cnico, no quise decir que usted fue condenado, sino que, cometi\u00f3 un delito por el que fue perseguido penalmente, proceso que no concluy\u00f3 con una declaraci\u00f3n judicial de certeza, debido a que usted como todo un cobarde y advenedizo, eludi\u00f3 as\u00ed, evitando esclarecer los hechos que le imputaron, mediante la utilizaci\u00f3n del dispositivo procesal de suspensi\u00f3n de juicio a prueba. (El juez lo sobresey\u00f3, no declar\u00f3 la certeza de su inocencia).<br \/>\n  Digo que usted no es un digno pol\u00edtico, ni tiene estatura moral alguna para ser funcionario p\u00fablico, ya que carece del compromiso necesario con valores como la veracidad y el decoro, como dec\u00edan los antiguos, un funcionario con responsabilidades p\u00fablicas, no s\u00f3lo debe ser decente, as\u00ed como la mujer del C\u00e9sar, tambi\u00e9n ha de parecerlo. La conducta esperable de su parte hubiese consistido en autodenunciarse y requerir a la jurisdicci\u00f3n una exhaustiva investigaci\u00f3n para demostrar su inocencia, en cambio de ello, prefiri\u00f3 asistir al patronato de liberados, junto con otros criminales comunes, para acreditar en cumplimiento de las condiciones impuestas, que lo excluyeran de una eventual pena, pero s\u00f3lo de la pena, no de la sospecha, ni de la verg\u00fcenza de haber cometido un delito contra la fe p\u00fablica.<br \/>\n  Por supuesto que tengo intereses pol\u00edticos, todas las personas de bien los tenemos, est\u00e1 en nuestra esencia \u2013seg\u00fan Arist\u00f3teles, por ejemplo-, aunque sucede que en mi caso, ese inter\u00e9s s\u00f3lo est\u00e1 al servicio de mis ideas y convicciones, los que no est\u00e1n a la venta como en su caso. Me llama la atenci\u00f3n el dispendio de alcahueter\u00edas para con quien le consigui\u00f3 el \u201cpuestito\u201d, el que a su vez, result\u00f3 pret\u00e9ritamente resistido por usted mismo, en \u00e9pocas donde se lo conoc\u00eda como una persona adherente al socialismo progresista.<br \/>\n  Tampoco el Intendente ha hecho reproche alguno a mis cr\u00edticas, s\u00ed bien sab\u00eda que usted se convirti\u00f3 en su ac\u00f3lito alcahuete, desconozco que tenga mandato alguno para representarlo y desconozco asimismo porqu\u00e9 motivo hace tan fanfarrioso alarde de su adhesi\u00f3n a la gesti\u00f3n pol\u00edtica municipal \u2013una cuesti\u00f3n netamente colectiva y social- en una interpelaci\u00f3n donde afirma que result\u00f3 vulnerado su honor personal e \u00edntimamente individual.<br \/>\n  Espero que a esta altura del relato, le quede bien claro, cual es mi parecer sobre usted y, las dem\u00e1s personas de su cala\u00f1a, espero ansiosamente el acto procesal de emplazamiento que me ha prometido, espero que no tenga a su vez, la actitud poco varonil de incumplir a su promesa con una dama.<br \/>\n  Lo espero -en procura de un inter\u00e9s p\u00fablico- con la excepci\u00f3n prevista en el art. 111 inc. 2\u00b0 del citado c\u00f3digo de fondo en materia penal (exceptio veritatis) en caso que decida cumplir mediante querella criminal. Advierto asimismo, a todo evento que tenga que atenderlo en sede civil, que seguir\u00e9 publicando en diversos medios cartitas suyas y propias, ya que el derecho que estoy ejerciendo desde mi apostolado pol\u00edtico, estriba justamente en los arts. 12 inc. 4\u00b0 y 13 de la constituci\u00f3n provincial, normas de antigua prosapia, que entre otras encuentran antecedentes en la primer enmienda de la constituci\u00f3n norteamericana (a\u00f1o 1791), la que a su vez resulta el principal antecedente normativo de nuestra carta magna.<br \/>\n  Sin otro particular, le saludamos, con la deferencia que se merece\u00bb.<\/em><\/p>\n","protected":false},"excerpt":{"rendered":"<p>El nuevo Coordinador de Pol\u00edticas Socioeducativas de la regi\u00f3n, Alan Ocampo, envi\u00f3 una carta documento a la ex concejal Cecilia V\u00e1squez luego de que \u00e9sta publicara duros cuestionamientos a trav\u00e9s de las redes sociales. V\u00e1squez hab\u00eda recordado, tras la designaci\u00f3n de Ocampo, la denuncia que obraba en su contra por presunta falsificaci\u00f3n de firmas, en [&hellip;]<\/p>\n","protected":false},"author":4,"featured_media":33627,"comment_status":"open","ping_status":"closed","sticky":false,"template":"","format":"standard","meta":{"om_disable_all_campaigns":false,"_jetpack_memberships_contains_paid_content":false,"footnotes":""},"categories":[2,102],"tags":[],"class_list":["post-33621","post","type-post","status-publish","format-standard","has-post-thumbnail","hentry","category-locales","category-politica-locales"],"aioseo_notices":[],"gutentor_comment":0,"jetpack_featured_media_url":"https:\/\/eldiariodesanpedro.com.ar\/sitio\/wp-content\/uploads\/2018\/05\/cecilia-vasquez.jpg","jetpack_shortlink":"https:\/\/wp.me\/p6RhLt-8Kh","jetpack_sharing_enabled":true,"_links":{"self":[{"href":"https:\/\/eldiariodesanpedro.com.ar\/sitio\/wp-json\/wp\/v2\/posts\/33621","targetHints":{"allow":["GET"]}}],"collection":[{"href":"https:\/\/eldiariodesanpedro.com.ar\/sitio\/wp-json\/wp\/v2\/posts"}],"about":[{"href":"https:\/\/eldiariodesanpedro.com.ar\/sitio\/wp-json\/wp\/v2\/types\/post"}],"author":[{"embeddable":true,"href":"https:\/\/eldiariodesanpedro.com.ar\/sitio\/wp-json\/wp\/v2\/users\/4"}],"replies":[{"embeddable":true,"href":"https:\/\/eldiariodesanpedro.com.ar\/sitio\/wp-json\/wp\/v2\/comments?post=33621"}],"version-history":[{"count":1,"href":"https:\/\/eldiariodesanpedro.com.ar\/sitio\/wp-json\/wp\/v2\/posts\/33621\/revisions"}],"predecessor-version":[{"id":33629,"href":"https:\/\/eldiariodesanpedro.com.ar\/sitio\/wp-json\/wp\/v2\/posts\/33621\/revisions\/33629"}],"wp:featuredmedia":[{"embeddable":true,"href":"https:\/\/eldiariodesanpedro.com.ar\/sitio\/wp-json\/wp\/v2\/media\/33627"}],"wp:attachment":[{"href":"https:\/\/eldiariodesanpedro.com.ar\/sitio\/wp-json\/wp\/v2\/media?parent=33621"}],"wp:term":[{"taxonomy":"category","embeddable":true,"href":"https:\/\/eldiariodesanpedro.com.ar\/sitio\/wp-json\/wp\/v2\/categories?post=33621"},{"taxonomy":"post_tag","embeddable":true,"href":"https:\/\/eldiariodesanpedro.com.ar\/sitio\/wp-json\/wp\/v2\/tags?post=33621"}],"curies":[{"name":"wp","href":"https:\/\/api.w.org\/{rel}","templated":true}]}}