{"id":33620,"date":"2018-05-23T20:32:28","date_gmt":"2018-05-23T23:32:28","guid":{"rendered":"https:\/\/eldiariodesanpedro.com.ar\/sitio\/?p=33620"},"modified":"2018-05-23T20:32:28","modified_gmt":"2018-05-23T23:32:28","slug":"varios-jefes-recorrieron-sus-ciudades","status":"publish","type":"post","link":"https:\/\/eldiariodesanpedro.com.ar\/sitio\/varios-jefes-recorrieron-sus-ciudades\/","title":{"rendered":"Varios jefes recorrieron sus ciudades"},"content":{"rendered":"<p><!-- VideographyWP Plugin Message: Automatic video embedding prevented by plugin options. --><br \/>\nLa Polic\u00eda de la provincia de Buenos Aires volvi\u00f3 a salir a la calle en el marco del programa \u201cConozca a su comisario\u201d.<\/p>\n<p>A trav\u00e9s del mismo por los jefes de la fuerza y titulares de diferentes seccionales recorren sus jurisdicciones para interactuar con los vecinos e interiorizarse de sus inquietudes.<\/p>\n<p>  En el marco de este plan \u2013del que participan todos los oficiales de conducci\u00f3n, supervisi\u00f3n y titulares de dependencias en el \u00e1mbito de las Polic\u00edas de Seguridad- los efectivos se entrevistaron con los miembros de la comunidad que residen en sus respectivas jurisdicciones.<\/p>\n<p>  Estos encuentros con los ciudadanos tienen como fin interiorizarse de las inquietudes, propuestas, requerimientos y necesidades de estos con respecto al servicio de seguridad p\u00fablica que los funcionarios policiales deben brindar.<\/p>\n<p>  Durante estas charlas con los vecinos, a las que los jefes de la fuerza deben concurrir uniformados, se confeccionan formularios con las inquietudes volcadas para que la informaci\u00f3n obtenida pueda ser utilizada para diagramar proyectos destinados a dar respuestas a las exigencias de la sociedad.<\/p>\n","protected":false},"excerpt":{"rendered":"<p>La Polic\u00eda de la provincia de Buenos Aires volvi\u00f3 a salir a la calle en el marco del programa \u201cConozca a su comisario\u201d. A trav\u00e9s del mismo por los jefes de la fuerza y titulares de diferentes seccionales recorren sus jurisdicciones para interactuar con los vecinos e interiorizarse de sus inquietudes. En el marco de [&hellip;]<\/p>\n","protected":false},"author":4,"featured_media":33622,"comment_status":"open","ping_status":"closed","sticky":false,"template":"","format":"standard","meta":{"om_disable_all_campaigns":false,"_jetpack_memberships_contains_paid_content":false,"footnotes":""},"categories":[2,103],"tags":[],"class_list":["post-33620","post","type-post","status-publish","format-standard","has-post-thumbnail","hentry","category-locales","category-policiales-locales"],"aioseo_notices":[],"gutentor_comment":0,"jetpack_featured_media_url":"https:\/\/eldiariodesanpedro.com.ar\/sitio\/wp-content\/uploads\/2018\/05\/programa-conozca-su-comisario.jpg","jetpack_shortlink":"https:\/\/wp.me\/p6RhLt-8Kg","jetpack_sharing_enabled":true,"_links":{"self":[{"href":"https:\/\/eldiariodesanpedro.com.ar\/sitio\/wp-json\/wp\/v2\/posts\/33620","targetHints":{"allow":["GET"]}}],"collection":[{"href":"https:\/\/eldiariodesanpedro.com.ar\/sitio\/wp-json\/wp\/v2\/posts"}],"about":[{"href":"https:\/\/eldiariodesanpedro.com.ar\/sitio\/wp-json\/wp\/v2\/types\/post"}],"author":[{"embeddable":true,"href":"https:\/\/eldiariodesanpedro.com.ar\/sitio\/wp-json\/wp\/v2\/users\/4"}],"replies":[{"embeddable":true,"href":"https:\/\/eldiariodesanpedro.com.ar\/sitio\/wp-json\/wp\/v2\/comments?post=33620"}],"version-history":[{"count":1,"href":"https:\/\/eldiariodesanpedro.com.ar\/sitio\/wp-json\/wp\/v2\/posts\/33620\/revisions"}],"predecessor-version":[{"id":33624,"href":"https:\/\/eldiariodesanpedro.com.ar\/sitio\/wp-json\/wp\/v2\/posts\/33620\/revisions\/33624"}],"wp:featuredmedia":[{"embeddable":true,"href":"https:\/\/eldiariodesanpedro.com.ar\/sitio\/wp-json\/wp\/v2\/media\/33622"}],"wp:attachment":[{"href":"https:\/\/eldiariodesanpedro.com.ar\/sitio\/wp-json\/wp\/v2\/media?parent=33620"}],"wp:term":[{"taxonomy":"category","embeddable":true,"href":"https:\/\/eldiariodesanpedro.com.ar\/sitio\/wp-json\/wp\/v2\/categories?post=33620"},{"taxonomy":"post_tag","embeddable":true,"href":"https:\/\/eldiariodesanpedro.com.ar\/sitio\/wp-json\/wp\/v2\/tags?post=33620"}],"curies":[{"name":"wp","href":"https:\/\/api.w.org\/{rel}","templated":true}]}}