{"id":33615,"date":"2018-05-23T10:07:41","date_gmt":"2018-05-23T13:07:41","guid":{"rendered":"https:\/\/eldiariodesanpedro.com.ar\/sitio\/?p=33615"},"modified":"2018-05-23T10:07:41","modified_gmt":"2018-05-23T13:07:41","slug":"caminaba-por-las-vias-y-fue-robado-por-dos-delincuentes","status":"publish","type":"post","link":"https:\/\/eldiariodesanpedro.com.ar\/sitio\/caminaba-por-las-vias-y-fue-robado-por-dos-delincuentes\/","title":{"rendered":"Caminaba por las v\u00edas y fue robado por dos delincuentes"},"content":{"rendered":"<p><!-- VideographyWP Plugin Message: Automatic video embedding prevented by plugin options. --><br \/>\nEl menor caminaba por las v\u00edas en cercan\u00edas a Barrio Estrada y fue interceptado por dos delincuentes siendo amenazado con un pedazo de hierro rob\u00e1ndole su vestimenta de abrigo y celular.<\/p>\n<p>El dia martes por la tarde, un hombre mayor de edad denuncia que a su hijo dos malvivientes lo hab\u00edan interceptado con un elemento contundente trozo de hierro logrando sustraer su ropa de abrigo y el celular.<\/p>\n<p>El joven se encontraba solo caminando por las v\u00edas del ferrocarril en cercan\u00edas del asentamiento ubicado en el barrio Estrada cuando estos dos sujetos se le acercan y lo intimidan. <\/p>\n<p>Luego de sustraer sus pertenencias se dan a la fuga, el menor logra identificarlos y se realiza un allanamiento en Barrio Villa Igoillo pero con  resultado negativo, a pesar de ser identificados los delincuentes no fueron aprehendidos.<\/p>\n","protected":false},"excerpt":{"rendered":"<p>El menor caminaba por las v\u00edas en cercan\u00edas a Barrio Estrada y fue interceptado por dos delincuentes siendo amenazado con un pedazo de hierro rob\u00e1ndole su vestimenta de abrigo y celular. El dia martes por la tarde, un hombre mayor de edad denuncia que a su hijo dos malvivientes lo hab\u00edan interceptado con un elemento [&hellip;]<\/p>\n","protected":false},"author":4,"featured_media":33616,"comment_status":"open","ping_status":"closed","sticky":false,"template":"","format":"standard","meta":{"om_disable_all_campaigns":false,"_jetpack_memberships_contains_paid_content":false,"footnotes":""},"categories":[2,103],"tags":[],"class_list":["post-33615","post","type-post","status-publish","format-standard","has-post-thumbnail","hentry","category-locales","category-policiales-locales"],"aioseo_notices":[],"gutentor_comment":0,"jetpack_featured_media_url":"https:\/\/eldiariodesanpedro.com.ar\/sitio\/wp-content\/uploads\/2018\/05\/fbbcb9346bb9fcbabcb26c68e6920953.jpg","jetpack_shortlink":"https:\/\/wp.me\/p6RhLt-8Kb","jetpack_sharing_enabled":true,"_links":{"self":[{"href":"https:\/\/eldiariodesanpedro.com.ar\/sitio\/wp-json\/wp\/v2\/posts\/33615","targetHints":{"allow":["GET"]}}],"collection":[{"href":"https:\/\/eldiariodesanpedro.com.ar\/sitio\/wp-json\/wp\/v2\/posts"}],"about":[{"href":"https:\/\/eldiariodesanpedro.com.ar\/sitio\/wp-json\/wp\/v2\/types\/post"}],"author":[{"embeddable":true,"href":"https:\/\/eldiariodesanpedro.com.ar\/sitio\/wp-json\/wp\/v2\/users\/4"}],"replies":[{"embeddable":true,"href":"https:\/\/eldiariodesanpedro.com.ar\/sitio\/wp-json\/wp\/v2\/comments?post=33615"}],"version-history":[{"count":1,"href":"https:\/\/eldiariodesanpedro.com.ar\/sitio\/wp-json\/wp\/v2\/posts\/33615\/revisions"}],"predecessor-version":[{"id":33617,"href":"https:\/\/eldiariodesanpedro.com.ar\/sitio\/wp-json\/wp\/v2\/posts\/33615\/revisions\/33617"}],"wp:featuredmedia":[{"embeddable":true,"href":"https:\/\/eldiariodesanpedro.com.ar\/sitio\/wp-json\/wp\/v2\/media\/33616"}],"wp:attachment":[{"href":"https:\/\/eldiariodesanpedro.com.ar\/sitio\/wp-json\/wp\/v2\/media?parent=33615"}],"wp:term":[{"taxonomy":"category","embeddable":true,"href":"https:\/\/eldiariodesanpedro.com.ar\/sitio\/wp-json\/wp\/v2\/categories?post=33615"},{"taxonomy":"post_tag","embeddable":true,"href":"https:\/\/eldiariodesanpedro.com.ar\/sitio\/wp-json\/wp\/v2\/tags?post=33615"}],"curies":[{"name":"wp","href":"https:\/\/api.w.org\/{rel}","templated":true}]}}