{"id":33613,"date":"2018-05-23T09:55:24","date_gmt":"2018-05-23T12:55:24","guid":{"rendered":"https:\/\/eldiariodesanpedro.com.ar\/sitio\/?p=33613"},"modified":"2018-05-23T09:55:24","modified_gmt":"2018-05-23T12:55:24","slug":"un-hombre-mayor-fue-asaltado-por-tres-delincuentes","status":"publish","type":"post","link":"https:\/\/eldiariodesanpedro.com.ar\/sitio\/un-hombre-mayor-fue-asaltado-por-tres-delincuentes\/","title":{"rendered":"Un hombre mayor fue asaltado por tres delincuentes"},"content":{"rendered":"<p><!-- VideographyWP Plugin Message: Automatic video embedding prevented by plugin options. --><br \/>\nEl hombre de 59 a\u00f1os circulaba por calle Sargento Selada y D\u00e1vila cuando fue interceptado por tres delincuentes quienes no lograron robarle nada pero le provocaron una lesi\u00f3n en su hombro.<\/p>\n<p>El hecho se produjo en la tarde del martes cuando un se\u00f1or de 59 a\u00f1os iba caminando por Sargento Selada y al llegar a D\u00e1vila es sorprendido por tres malvivientes quienes le intentan sustraer dinero en efectivo, pero el hombre al resistirse comienzan un forcejeo violento provocando al denunciante lesiones en su hombro derecho.<\/p>\n<p>Al radicar la denuncia en comisar\u00eda local es trasladado a la guardia del Hospital de San Pedro para su atenci\u00f3n m\u00e9dica resultando con lesiones leves.<\/p>\n","protected":false},"excerpt":{"rendered":"<p>El hombre de 59 a\u00f1os circulaba por calle Sargento Selada y D\u00e1vila cuando fue interceptado por tres delincuentes quienes no lograron robarle nada pero le provocaron una lesi\u00f3n en su hombro. El hecho se produjo en la tarde del martes cuando un se\u00f1or de 59 a\u00f1os iba caminando por Sargento Selada y al llegar a [&hellip;]<\/p>\n","protected":false},"author":4,"featured_media":16989,"comment_status":"open","ping_status":"closed","sticky":false,"template":"","format":"standard","meta":{"om_disable_all_campaigns":false,"_jetpack_memberships_contains_paid_content":false,"footnotes":""},"categories":[2,103],"tags":[],"class_list":["post-33613","post","type-post","status-publish","format-standard","has-post-thumbnail","hentry","category-locales","category-policiales-locales"],"aioseo_notices":[],"gutentor_comment":0,"jetpack_featured_media_url":"https:\/\/eldiariodesanpedro.com.ar\/sitio\/wp-content\/uploads\/2017\/04\/DSC_0221-e1492514769862.jpg","jetpack_shortlink":"https:\/\/wp.me\/p6RhLt-8K9","jetpack_sharing_enabled":true,"_links":{"self":[{"href":"https:\/\/eldiariodesanpedro.com.ar\/sitio\/wp-json\/wp\/v2\/posts\/33613","targetHints":{"allow":["GET"]}}],"collection":[{"href":"https:\/\/eldiariodesanpedro.com.ar\/sitio\/wp-json\/wp\/v2\/posts"}],"about":[{"href":"https:\/\/eldiariodesanpedro.com.ar\/sitio\/wp-json\/wp\/v2\/types\/post"}],"author":[{"embeddable":true,"href":"https:\/\/eldiariodesanpedro.com.ar\/sitio\/wp-json\/wp\/v2\/users\/4"}],"replies":[{"embeddable":true,"href":"https:\/\/eldiariodesanpedro.com.ar\/sitio\/wp-json\/wp\/v2\/comments?post=33613"}],"version-history":[{"count":1,"href":"https:\/\/eldiariodesanpedro.com.ar\/sitio\/wp-json\/wp\/v2\/posts\/33613\/revisions"}],"predecessor-version":[{"id":33614,"href":"https:\/\/eldiariodesanpedro.com.ar\/sitio\/wp-json\/wp\/v2\/posts\/33613\/revisions\/33614"}],"wp:featuredmedia":[{"embeddable":true,"href":"https:\/\/eldiariodesanpedro.com.ar\/sitio\/wp-json\/wp\/v2\/media\/16989"}],"wp:attachment":[{"href":"https:\/\/eldiariodesanpedro.com.ar\/sitio\/wp-json\/wp\/v2\/media?parent=33613"}],"wp:term":[{"taxonomy":"category","embeddable":true,"href":"https:\/\/eldiariodesanpedro.com.ar\/sitio\/wp-json\/wp\/v2\/categories?post=33613"},{"taxonomy":"post_tag","embeddable":true,"href":"https:\/\/eldiariodesanpedro.com.ar\/sitio\/wp-json\/wp\/v2\/tags?post=33613"}],"curies":[{"name":"wp","href":"https:\/\/api.w.org\/{rel}","templated":true}]}}